
{"id":1168,"date":"2013-09-23T21:59:16","date_gmt":"2013-09-23T20:59:16","guid":{"rendered":"http:\/\/contafinanceira.pt\/?p=1168"},"modified":"2013-09-23T21:59:16","modified_gmt":"2013-09-23T20:59:16","slug":"vantagens-sociais-e-fiscais-para-empresas-e-trabalhadores","status":"publish","type":"post","link":"https:\/\/contafinanceira.pt\/index.php\/vantagens-sociais-e-fiscais-para-empresas-e-trabalhadores\/","title":{"rendered":"Vantagens sociais e fiscais para empresas e trabalhadores"},"content":{"rendered":"<p>Vantagens sociais e fiscais para empresas e trabalhadores<\/p>\n<p>Os t\u00edtulos de servi\u00e7o pr\u00e9-pagos s\u00e3o ferramentas inteligentes de produtividade laboral, bem-estar social e efici\u00eancia fiscal que atraem e motivam o capital humano.<\/p>\n<p>Regulado pelo DL 26\/99, de 28 de janeiro, permite o pagamento de creches, jardim-de-inf\u00e2ncia e lact\u00e1rios, e tem como principal objetivo potenciar o apoio das entidades empregadoras aos seus trabalhadores que tenham a cargo filhos ou equiparados com idade inferior a 7 anos. \u00c9 um benef\u00edcio social totalmente isento de IRS e Taxa Social \u00danica (Trabalhador e Empresa), permitindo ainda \u00e0 empresa obter majora\u00e7\u00e3o fiscal de 40% em sede de IRC.<\/p>\n<p>Estamos dispon\u00edveis para qualquer esclarecimento adicional<\/p>\n<div style=\"padding-bottom:20px; padding-top:10px;\" class=\"hupso-share-buttons\"><!-- Hupso Share Buttons - https:\/\/www.hupso.com\/share\/ --><a class=\"hupso_counters\" href=\"https:\/\/www.hupso.com\/share\/\"><img decoding=\"async\" src=\"https:\/\/static.hupso.com\/share\/buttons\/dot.png\" style=\"border:0px; padding-top:2px; float:left;\" alt=\"Share Button\"\/><\/a><script type=\"text\/javascript\">var hupso_services_c=new Array(\"twitter\",\"facebook_like\",\"google\",\"email\",\"print\");var hupso_counters_lang = \"en_US\";var hupso_image_folder_url = \"\";var hupso_url_c=\"\";var hupso_title_c=\"Vantagens%20sociais%20e%20fiscais%20para%20empresas%20e%20trabalhadores\";<\/script><script type=\"text\/javascript\" src=\"https:\/\/static.hupso.com\/share\/js\/counters.js\"><\/script><!-- Hupso Share Buttons --><\/div>\n","protected":false},"excerpt":{"rendered":"<p>Vantagens sociais e fiscais para empresas e trabalhadores<br \/>\nOs t\u00edtulos de servi\u00e7o pr\u00e9-pagos s\u00e3o ferramentas inteligentes de produtividade laboral, bem-estar social e efici\u00eancia fiscal que atraem e motivam o capital humano.<br \/>\nRegulado pelo DL 26\/99, de 28 de janeiro, permite o pagamento de creches, jardim-de-inf\u00e2ncia e lact\u00e1rios, e tem como principal objetivo potenciar o apoio das entidades empregadoras aos seus trabalhadores que tenham a cargo filhos ou equiparados com idade inferior a 7 anos. \u00c9 um benef\u00edcio social totalmente isento &#8230;<\/p>\n","protected":false},"author":1,"featured_media":0,"comment_status":"closed","ping_status":"open","sticky":false,"template":"","format":"standard","meta":{"jetpack_post_was_ever_published":false,"_jetpack_newsletter_access":"","_jetpack_dont_email_post_to_subs":false,"_jetpack_newsletter_tier_id":0,"_jetpack_memberships_contains_paywalled_content":false,"_jetpack_memberships_contains_paid_content":false,"footnotes":""},"categories":[1],"tags":[],"class_list":["post-1168","post","type-post","status-publish","format-standard","hentry","category-geral"],"yoast_head":"<!-- This site is optimized with the Yoast SEO plugin v23.3 - https:\/\/yoast.com\/wordpress\/plugins\/seo\/ -->\n<title>Vantagens sociais e fiscais para empresas e trabalhadores - ContaFinanceira<\/title>\n<meta name=\"robots\" content=\"noindex, follow, max-snippet:-1, max-image-preview:large, max-video-preview:-1\" \/>\n<meta property=\"og:locale\" content=\"pt_PT\" \/>\n<meta property=\"og:type\" content=\"article\" \/>\n<meta property=\"og:title\" content=\"Vantagens sociais e fiscais para empresas e trabalhadores - ContaFinanceira\" \/>\n<meta property=\"og:description\" content=\"Vantagens sociais e fiscais para empresas e trabalhadores Os t\u00edtulos de servi\u00e7o pr\u00e9-pagos s\u00e3o ferramentas inteligentes de produtividade laboral, bem-estar social e efici\u00eancia fiscal que atraem e motivam o capital humano. Regulado pelo DL 26\/99, de 28 de janeiro, permite o pagamento de creches, jardim-de-inf\u00e2ncia e lact\u00e1rios, e tem como principal objetivo potenciar o apoio das entidades empregadoras aos seus trabalhadores que tenham a cargo filhos ou equiparados com idade inferior a 7 anos. \u00c9 um benef\u00edcio social totalmente isento ...\" \/>\n<meta property=\"og:url\" content=\"https:\/\/contafinanceira.pt\/index.php\/vantagens-sociais-e-fiscais-para-empresas-e-trabalhadores\/\" \/>\n<meta property=\"og:site_name\" content=\"ContaFinanceira\" \/>\n<meta property=\"article:publisher\" content=\"http:\/\/www.facebook.com\/contafinanceira\" \/>\n<meta property=\"article:published_time\" content=\"2013-09-23T20:59:16+00:00\" \/>\n<meta name=\"author\" content=\"ContaFinanceira\" \/>\n<meta name=\"twitter:label1\" content=\"Escrito por\" \/>\n\t<meta name=\"twitter:data1\" content=\"ContaFinanceira\" \/>\n\t<meta name=\"twitter:label2\" content=\"Tempo estimado de leitura\" \/>\n\t<meta name=\"twitter:data2\" content=\"1 minuto\" \/>\n<script type=\"application\/ld+json\" class=\"yoast-schema-graph\">{\"@context\":\"https:\/\/schema.org\",\"@graph\":[{\"@type\":\"Article\",\"@id\":\"https:\/\/contafinanceira.pt\/index.php\/vantagens-sociais-e-fiscais-para-empresas-e-trabalhadores\/#article\",\"isPartOf\":{\"@id\":\"https:\/\/contafinanceira.pt\/index.php\/vantagens-sociais-e-fiscais-para-empresas-e-trabalhadores\/\"},\"author\":{\"name\":\"ContaFinanceira\",\"@id\":\"https:\/\/contafinanceira.pt\/#\/schema\/person\/440a41115a5422f7af22afbdab5b3e34\"},\"headline\":\"Vantagens sociais e fiscais para empresas e trabalhadores\",\"datePublished\":\"2013-09-23T20:59:16+00:00\",\"dateModified\":\"2013-09-23T20:59:16+00:00\",\"mainEntityOfPage\":{\"@id\":\"https:\/\/contafinanceira.pt\/index.php\/vantagens-sociais-e-fiscais-para-empresas-e-trabalhadores\/\"},\"wordCount\":120,\"publisher\":{\"@id\":\"https:\/\/contafinanceira.pt\/#organization\"},\"articleSection\":[\"Geral\"],\"inLanguage\":\"pt-PT\"},{\"@type\":\"WebPage\",\"@id\":\"https:\/\/contafinanceira.pt\/index.php\/vantagens-sociais-e-fiscais-para-empresas-e-trabalhadores\/\",\"url\":\"https:\/\/contafinanceira.pt\/index.php\/vantagens-sociais-e-fiscais-para-empresas-e-trabalhadores\/\",\"name\":\"Vantagens sociais e fiscais para empresas e trabalhadores - ContaFinanceira\",\"isPartOf\":{\"@id\":\"https:\/\/contafinanceira.pt\/#website\"},\"datePublished\":\"2013-09-23T20:59:16+00:00\",\"dateModified\":\"2013-09-23T20:59:16+00:00\",\"breadcrumb\":{\"@id\":\"https:\/\/contafinanceira.pt\/index.php\/vantagens-sociais-e-fiscais-para-empresas-e-trabalhadores\/#breadcrumb\"},\"inLanguage\":\"pt-PT\",\"potentialAction\":[{\"@type\":\"ReadAction\",\"target\":[\"https:\/\/contafinanceira.pt\/index.php\/vantagens-sociais-e-fiscais-para-empresas-e-trabalhadores\/\"]}]},{\"@type\":\"BreadcrumbList\",\"@id\":\"https:\/\/contafinanceira.pt\/index.php\/vantagens-sociais-e-fiscais-para-empresas-e-trabalhadores\/#breadcrumb\",\"itemListElement\":[{\"@type\":\"ListItem\",\"position\":1,\"name\":\"In\u00edcio\",\"item\":\"https:\/\/contafinanceira.pt\/\"},{\"@type\":\"ListItem\",\"position\":2,\"name\":\"Vantagens sociais e fiscais para empresas e trabalhadores\"}]},{\"@type\":\"WebSite\",\"@id\":\"https:\/\/contafinanceira.pt\/#website\",\"url\":\"https:\/\/contafinanceira.pt\/\",\"name\":\"ContaFinanceira\",\"description\":\"Contabilidade e Consultoria Fiscal\",\"publisher\":{\"@id\":\"https:\/\/contafinanceira.pt\/#organization\"},\"potentialAction\":[{\"@type\":\"SearchAction\",\"target\":{\"@type\":\"EntryPoint\",\"urlTemplate\":\"https:\/\/contafinanceira.pt\/?s={search_term_string}\"},\"query-input\":\"required name=search_term_string\"}],\"inLanguage\":\"pt-PT\"},{\"@type\":\"Organization\",\"@id\":\"https:\/\/contafinanceira.pt\/#organization\",\"name\":\"ContaFinanceira\",\"url\":\"https:\/\/contafinanceira.pt\/\",\"logo\":{\"@type\":\"ImageObject\",\"inLanguage\":\"pt-PT\",\"@id\":\"https:\/\/contafinanceira.pt\/#\/schema\/logo\/image\/\",\"url\":\"https:\/\/contafinanceira.pt\/wp-content\/uploads\/2013\/09\/Logo-face.jpg\",\"contentUrl\":\"https:\/\/contafinanceira.pt\/wp-content\/uploads\/2013\/09\/Logo-face.jpg\",\"width\":1358,\"height\":354,\"caption\":\"ContaFinanceira\"},\"image\":{\"@id\":\"https:\/\/contafinanceira.pt\/#\/schema\/logo\/image\/\"},\"sameAs\":[\"http:\/\/www.facebook.com\/contafinanceira\"]},{\"@type\":\"Person\",\"@id\":\"https:\/\/contafinanceira.pt\/#\/schema\/person\/440a41115a5422f7af22afbdab5b3e34\",\"name\":\"ContaFinanceira\",\"image\":{\"@type\":\"ImageObject\",\"inLanguage\":\"pt-PT\",\"@id\":\"https:\/\/contafinanceira.pt\/#\/schema\/person\/image\/\",\"url\":\"https:\/\/secure.gravatar.com\/avatar\/fb062a51f58fd61f0896369509af44c0?s=96&d=blank&r=g\",\"contentUrl\":\"https:\/\/secure.gravatar.com\/avatar\/fb062a51f58fd61f0896369509af44c0?s=96&d=blank&r=g\",\"caption\":\"ContaFinanceira\"},\"sameAs\":[\"http:\/\/www.contafinanceira.pt\"]}]}<\/script>\n<!-- \/ Yoast SEO plugin. -->","yoast_head_json":{"title":"Vantagens sociais e fiscais para empresas e trabalhadores - ContaFinanceira","robots":{"index":"noindex","follow":"follow","max-snippet":"max-snippet:-1","max-image-preview":"max-image-preview:large","max-video-preview":"max-video-preview:-1"},"og_locale":"pt_PT","og_type":"article","og_title":"Vantagens sociais e fiscais para empresas e trabalhadores - ContaFinanceira","og_description":"Vantagens sociais e fiscais para empresas e trabalhadores Os t\u00edtulos de servi\u00e7o pr\u00e9-pagos s\u00e3o ferramentas inteligentes de produtividade laboral, bem-estar social e efici\u00eancia fiscal que atraem e motivam o capital humano. Regulado pelo DL 26\/99, de 28 de janeiro, permite o pagamento de creches, jardim-de-inf\u00e2ncia e lact\u00e1rios, e tem como principal objetivo potenciar o apoio das entidades empregadoras aos seus trabalhadores que tenham a cargo filhos ou equiparados com idade inferior a 7 anos. \u00c9 um benef\u00edcio social totalmente isento ...","og_url":"https:\/\/contafinanceira.pt\/index.php\/vantagens-sociais-e-fiscais-para-empresas-e-trabalhadores\/","og_site_name":"ContaFinanceira","article_publisher":"http:\/\/www.facebook.com\/contafinanceira","article_published_time":"2013-09-23T20:59:16+00:00","author":"ContaFinanceira","twitter_misc":{"Escrito por":"ContaFinanceira","Tempo estimado de leitura":"1 minuto"},"schema":{"@context":"https:\/\/schema.org","@graph":[{"@type":"Article","@id":"https:\/\/contafinanceira.pt\/index.php\/vantagens-sociais-e-fiscais-para-empresas-e-trabalhadores\/#article","isPartOf":{"@id":"https:\/\/contafinanceira.pt\/index.php\/vantagens-sociais-e-fiscais-para-empresas-e-trabalhadores\/"},"author":{"name":"ContaFinanceira","@id":"https:\/\/contafinanceira.pt\/#\/schema\/person\/440a41115a5422f7af22afbdab5b3e34"},"headline":"Vantagens sociais e fiscais para empresas e trabalhadores","datePublished":"2013-09-23T20:59:16+00:00","dateModified":"2013-09-23T20:59:16+00:00","mainEntityOfPage":{"@id":"https:\/\/contafinanceira.pt\/index.php\/vantagens-sociais-e-fiscais-para-empresas-e-trabalhadores\/"},"wordCount":120,"publisher":{"@id":"https:\/\/contafinanceira.pt\/#organization"},"articleSection":["Geral"],"inLanguage":"pt-PT"},{"@type":"WebPage","@id":"https:\/\/contafinanceira.pt\/index.php\/vantagens-sociais-e-fiscais-para-empresas-e-trabalhadores\/","url":"https:\/\/contafinanceira.pt\/index.php\/vantagens-sociais-e-fiscais-para-empresas-e-trabalhadores\/","name":"Vantagens sociais e fiscais para empresas e trabalhadores - ContaFinanceira","isPartOf":{"@id":"https:\/\/contafinanceira.pt\/#website"},"datePublished":"2013-09-23T20:59:16+00:00","dateModified":"2013-09-23T20:59:16+00:00","breadcrumb":{"@id":"https:\/\/contafinanceira.pt\/index.php\/vantagens-sociais-e-fiscais-para-empresas-e-trabalhadores\/#breadcrumb"},"inLanguage":"pt-PT","potentialAction":[{"@type":"ReadAction","target":["https:\/\/contafinanceira.pt\/index.php\/vantagens-sociais-e-fiscais-para-empresas-e-trabalhadores\/"]}]},{"@type":"BreadcrumbList","@id":"https:\/\/contafinanceira.pt\/index.php\/vantagens-sociais-e-fiscais-para-empresas-e-trabalhadores\/#breadcrumb","itemListElement":[{"@type":"ListItem","position":1,"name":"In\u00edcio","item":"https:\/\/contafinanceira.pt\/"},{"@type":"ListItem","position":2,"name":"Vantagens sociais e fiscais para empresas e trabalhadores"}]},{"@type":"WebSite","@id":"https:\/\/contafinanceira.pt\/#website","url":"https:\/\/contafinanceira.pt\/","name":"ContaFinanceira","description":"Contabilidade e Consultoria Fiscal","publisher":{"@id":"https:\/\/contafinanceira.pt\/#organization"},"potentialAction":[{"@type":"SearchAction","target":{"@type":"EntryPoint","urlTemplate":"https:\/\/contafinanceira.pt\/?s={search_term_string}"},"query-input":"required name=search_term_string"}],"inLanguage":"pt-PT"},{"@type":"Organization","@id":"https:\/\/contafinanceira.pt\/#organization","name":"ContaFinanceira","url":"https:\/\/contafinanceira.pt\/","logo":{"@type":"ImageObject","inLanguage":"pt-PT","@id":"https:\/\/contafinanceira.pt\/#\/schema\/logo\/image\/","url":"https:\/\/contafinanceira.pt\/wp-content\/uploads\/2013\/09\/Logo-face.jpg","contentUrl":"https:\/\/contafinanceira.pt\/wp-content\/uploads\/2013\/09\/Logo-face.jpg","width":1358,"height":354,"caption":"ContaFinanceira"},"image":{"@id":"https:\/\/contafinanceira.pt\/#\/schema\/logo\/image\/"},"sameAs":["http:\/\/www.facebook.com\/contafinanceira"]},{"@type":"Person","@id":"https:\/\/contafinanceira.pt\/#\/schema\/person\/440a41115a5422f7af22afbdab5b3e34","name":"ContaFinanceira","image":{"@type":"ImageObject","inLanguage":"pt-PT","@id":"https:\/\/contafinanceira.pt\/#\/schema\/person\/image\/","url":"https:\/\/secure.gravatar.com\/avatar\/fb062a51f58fd61f0896369509af44c0?s=96&d=blank&r=g","contentUrl":"https:\/\/secure.gravatar.com\/avatar\/fb062a51f58fd61f0896369509af44c0?s=96&d=blank&r=g","caption":"ContaFinanceira"},"sameAs":["http:\/\/www.contafinanceira.pt"]}]}},"jetpack_sharing_enabled":true,"jetpack_featured_media_url":"","jetpack_shortlink":"https:\/\/wp.me\/p3RELV-iQ","_links":{"self":[{"href":"https:\/\/contafinanceira.pt\/index.php\/wp-json\/wp\/v2\/posts\/1168"}],"collection":[{"href":"https:\/\/contafinanceira.pt\/index.php\/wp-json\/wp\/v2\/posts"}],"about":[{"href":"https:\/\/contafinanceira.pt\/index.php\/wp-json\/wp\/v2\/types\/post"}],"author":[{"embeddable":true,"href":"https:\/\/contafinanceira.pt\/index.php\/wp-json\/wp\/v2\/users\/1"}],"replies":[{"embeddable":true,"href":"https:\/\/contafinanceira.pt\/index.php\/wp-json\/wp\/v2\/comments?post=1168"}],"version-history":[{"count":1,"href":"https:\/\/contafinanceira.pt\/index.php\/wp-json\/wp\/v2\/posts\/1168\/revisions"}],"predecessor-version":[{"id":1170,"href":"https:\/\/contafinanceira.pt\/index.php\/wp-json\/wp\/v2\/posts\/1168\/revisions\/1170"}],"wp:attachment":[{"href":"https:\/\/contafinanceira.pt\/index.php\/wp-json\/wp\/v2\/media?parent=1168"}],"wp:term":[{"taxonomy":"category","embeddable":true,"href":"https:\/\/contafinanceira.pt\/index.php\/wp-json\/wp\/v2\/categories?post=1168"},{"taxonomy":"post_tag","embeddable":true,"href":"https:\/\/contafinanceira.pt\/index.php\/wp-json\/wp\/v2\/tags?post=1168"}],"curies":[{"name":"wp","href":"https:\/\/api.w.org\/{rel}","templated":true}]}}