
{"id":1174,"date":"2013-09-26T22:54:53","date_gmt":"2013-09-26T21:54:53","guid":{"rendered":"http:\/\/contafinanceira.pt\/?p=1174"},"modified":"2013-10-16T20:12:45","modified_gmt":"2013-10-16T19:12:45","slug":"atos-isolados-realizados-por-pessoas-particulares","status":"publish","type":"post","link":"https:\/\/contafinanceira.pt\/index.php\/atos-isolados-realizados-por-pessoas-particulares\/","title":{"rendered":"Atos isolados &#8211; Realizados por pessoas particulares"},"content":{"rendered":"<p>Atos isolados &#8211; Realizados por pessoas particulares<\/p>\n<p>Em termos fiscais, as opera\u00e7\u00f5es espor\u00e1dicas de venda de bens efetuadas por pessoas particulares que n\u00e3o exercem qualquer atividade econ\u00f3mica, podem ser consideradas como atos isolados desde que, em resultado da sua pr\u00e1tica, exista incid\u00eancia real em sede de IRS, tornando-se o particular tamb\u00e9m um sujeito passivo de IVA (cf. Al\u00ednea a) do n\u00ba1 do artigo 2\u00ba do CIVA)<\/p>\n<p>Para ser considerado ato de com\u00e9rcio, o particular no momento da sua aquisi\u00e7\u00e3o ou obten\u00e7\u00e3o desses bens, ou durante a sua deten\u00e7\u00e3o, teve que ter inten\u00e7\u00e3o de praticar uma atividade econ\u00f3mica.<\/p>\n<p>Estamos dispon\u00edveis para qualquer esclarecimento adicional<\/p>\n<div style=\"padding-bottom:20px; padding-top:10px;\" class=\"hupso-share-buttons\"><!-- Hupso Share Buttons - https:\/\/www.hupso.com\/share\/ --><a class=\"hupso_counters\" href=\"https:\/\/www.hupso.com\/share\/\"><img decoding=\"async\" src=\"https:\/\/static.hupso.com\/share\/buttons\/dot.png\" style=\"border:0px; padding-top:2px; float:left;\" alt=\"Share Button\"\/><\/a><script type=\"text\/javascript\">var hupso_services_c=new Array(\"twitter\",\"facebook_like\",\"google\",\"email\",\"print\");var hupso_counters_lang = \"en_US\";var hupso_image_folder_url = \"\";var hupso_url_c=\"\";var hupso_title_c=\"Atos%20isolados%20-%20Realizados%20por%20pessoas%20particulares\";<\/script><script type=\"text\/javascript\" src=\"https:\/\/static.hupso.com\/share\/js\/counters.js\"><\/script><!-- Hupso Share Buttons --><\/div>\n","protected":false},"excerpt":{"rendered":"<p>Atos isolados &#8211; Realizados por pessoas particulares<br \/>\nEm termos fiscais, as opera\u00e7\u00f5es espor\u00e1dicas de venda de bens efetuadas por pessoas particulares que n\u00e3o exercem qualquer atividade econ\u00f3mica, podem ser consideradas como atos isolados desde que, em resultado da sua pr\u00e1tica, exista incid\u00eancia real em sede de IRS, tornando-se o particular tamb\u00e9m um sujeito passivo de IVA (cf. Al\u00ednea a) do n\u00ba1 do artigo 2\u00ba do CIVA)<br \/>\nPara ser considerado ato de com\u00e9rcio, o particular no momento da sua aquisi\u00e7\u00e3o ou &#8230;<\/p>\n","protected":false},"author":1,"featured_media":0,"comment_status":"closed","ping_status":"open","sticky":false,"template":"","format":"standard","meta":{"jetpack_post_was_ever_published":false,"_jetpack_newsletter_access":"","_jetpack_dont_email_post_to_subs":false,"_jetpack_newsletter_tier_id":0,"_jetpack_memberships_contains_paywalled_content":false,"_jetpack_memberships_contains_paid_content":false,"footnotes":""},"categories":[1],"tags":[],"class_list":["post-1174","post","type-post","status-publish","format-standard","hentry","category-geral"],"yoast_head":"<!-- This site is optimized with the Yoast SEO plugin v23.3 - https:\/\/yoast.com\/wordpress\/plugins\/seo\/ -->\n<title>Atos isolados - Realizados por pessoas particulares - ContaFinanceira<\/title>\n<meta name=\"robots\" content=\"noindex, follow, max-snippet:-1, max-image-preview:large, max-video-preview:-1\" \/>\n<meta property=\"og:locale\" content=\"pt_PT\" \/>\n<meta property=\"og:type\" content=\"article\" \/>\n<meta property=\"og:title\" content=\"Atos isolados - Realizados por pessoas particulares - ContaFinanceira\" \/>\n<meta property=\"og:description\" content=\"Atos isolados &#8211; Realizados por pessoas particulares Em termos fiscais, as opera\u00e7\u00f5es espor\u00e1dicas de venda de bens efetuadas por pessoas particulares que n\u00e3o exercem qualquer atividade econ\u00f3mica, podem ser consideradas como atos isolados desde que, em resultado da sua pr\u00e1tica, exista incid\u00eancia real em sede de IRS, tornando-se o particular tamb\u00e9m um sujeito passivo de IVA (cf. Al\u00ednea a) do n\u00ba1 do artigo 2\u00ba do CIVA) Para ser considerado ato de com\u00e9rcio, o particular no momento da sua aquisi\u00e7\u00e3o ou ...\" \/>\n<meta property=\"og:url\" content=\"https:\/\/contafinanceira.pt\/index.php\/atos-isolados-realizados-por-pessoas-particulares\/\" \/>\n<meta property=\"og:site_name\" content=\"ContaFinanceira\" \/>\n<meta property=\"article:publisher\" content=\"http:\/\/www.facebook.com\/contafinanceira\" \/>\n<meta property=\"article:published_time\" content=\"2013-09-26T21:54:53+00:00\" \/>\n<meta property=\"article:modified_time\" content=\"2013-10-16T19:12:45+00:00\" \/>\n<meta name=\"author\" content=\"ContaFinanceira\" \/>\n<meta name=\"twitter:label1\" content=\"Escrito por\" \/>\n\t<meta name=\"twitter:data1\" content=\"ContaFinanceira\" \/>\n\t<meta name=\"twitter:label2\" content=\"Tempo estimado de leitura\" \/>\n\t<meta name=\"twitter:data2\" content=\"1 minuto\" \/>\n<script type=\"application\/ld+json\" class=\"yoast-schema-graph\">{\"@context\":\"https:\/\/schema.org\",\"@graph\":[{\"@type\":\"Article\",\"@id\":\"https:\/\/contafinanceira.pt\/index.php\/atos-isolados-realizados-por-pessoas-particulares\/#article\",\"isPartOf\":{\"@id\":\"https:\/\/contafinanceira.pt\/index.php\/atos-isolados-realizados-por-pessoas-particulares\/\"},\"author\":{\"name\":\"ContaFinanceira\",\"@id\":\"https:\/\/contafinanceira.pt\/#\/schema\/person\/440a41115a5422f7af22afbdab5b3e34\"},\"headline\":\"Atos isolados &#8211; Realizados por pessoas particulares\",\"datePublished\":\"2013-09-26T21:54:53+00:00\",\"dateModified\":\"2013-10-16T19:12:45+00:00\",\"mainEntityOfPage\":{\"@id\":\"https:\/\/contafinanceira.pt\/index.php\/atos-isolados-realizados-por-pessoas-particulares\/\"},\"wordCount\":124,\"publisher\":{\"@id\":\"https:\/\/contafinanceira.pt\/#organization\"},\"articleSection\":[\"Geral\"],\"inLanguage\":\"pt-PT\"},{\"@type\":\"WebPage\",\"@id\":\"https:\/\/contafinanceira.pt\/index.php\/atos-isolados-realizados-por-pessoas-particulares\/\",\"url\":\"https:\/\/contafinanceira.pt\/index.php\/atos-isolados-realizados-por-pessoas-particulares\/\",\"name\":\"Atos isolados - Realizados por pessoas particulares - ContaFinanceira\",\"isPartOf\":{\"@id\":\"https:\/\/contafinanceira.pt\/#website\"},\"datePublished\":\"2013-09-26T21:54:53+00:00\",\"dateModified\":\"2013-10-16T19:12:45+00:00\",\"breadcrumb\":{\"@id\":\"https:\/\/contafinanceira.pt\/index.php\/atos-isolados-realizados-por-pessoas-particulares\/#breadcrumb\"},\"inLanguage\":\"pt-PT\",\"potentialAction\":[{\"@type\":\"ReadAction\",\"target\":[\"https:\/\/contafinanceira.pt\/index.php\/atos-isolados-realizados-por-pessoas-particulares\/\"]}]},{\"@type\":\"BreadcrumbList\",\"@id\":\"https:\/\/contafinanceira.pt\/index.php\/atos-isolados-realizados-por-pessoas-particulares\/#breadcrumb\",\"itemListElement\":[{\"@type\":\"ListItem\",\"position\":1,\"name\":\"In\u00edcio\",\"item\":\"https:\/\/contafinanceira.pt\/\"},{\"@type\":\"ListItem\",\"position\":2,\"name\":\"Atos isolados &#8211; Realizados por pessoas particulares\"}]},{\"@type\":\"WebSite\",\"@id\":\"https:\/\/contafinanceira.pt\/#website\",\"url\":\"https:\/\/contafinanceira.pt\/\",\"name\":\"ContaFinanceira\",\"description\":\"Contabilidade e Consultoria Fiscal\",\"publisher\":{\"@id\":\"https:\/\/contafinanceira.pt\/#organization\"},\"potentialAction\":[{\"@type\":\"SearchAction\",\"target\":{\"@type\":\"EntryPoint\",\"urlTemplate\":\"https:\/\/contafinanceira.pt\/?s={search_term_string}\"},\"query-input\":\"required name=search_term_string\"}],\"inLanguage\":\"pt-PT\"},{\"@type\":\"Organization\",\"@id\":\"https:\/\/contafinanceira.pt\/#organization\",\"name\":\"ContaFinanceira\",\"url\":\"https:\/\/contafinanceira.pt\/\",\"logo\":{\"@type\":\"ImageObject\",\"inLanguage\":\"pt-PT\",\"@id\":\"https:\/\/contafinanceira.pt\/#\/schema\/logo\/image\/\",\"url\":\"https:\/\/contafinanceira.pt\/wp-content\/uploads\/2013\/09\/Logo-face.jpg\",\"contentUrl\":\"https:\/\/contafinanceira.pt\/wp-content\/uploads\/2013\/09\/Logo-face.jpg\",\"width\":1358,\"height\":354,\"caption\":\"ContaFinanceira\"},\"image\":{\"@id\":\"https:\/\/contafinanceira.pt\/#\/schema\/logo\/image\/\"},\"sameAs\":[\"http:\/\/www.facebook.com\/contafinanceira\"]},{\"@type\":\"Person\",\"@id\":\"https:\/\/contafinanceira.pt\/#\/schema\/person\/440a41115a5422f7af22afbdab5b3e34\",\"name\":\"ContaFinanceira\",\"image\":{\"@type\":\"ImageObject\",\"inLanguage\":\"pt-PT\",\"@id\":\"https:\/\/contafinanceira.pt\/#\/schema\/person\/image\/\",\"url\":\"https:\/\/secure.gravatar.com\/avatar\/fb062a51f58fd61f0896369509af44c0?s=96&d=blank&r=g\",\"contentUrl\":\"https:\/\/secure.gravatar.com\/avatar\/fb062a51f58fd61f0896369509af44c0?s=96&d=blank&r=g\",\"caption\":\"ContaFinanceira\"},\"sameAs\":[\"http:\/\/www.contafinanceira.pt\"]}]}<\/script>\n<!-- \/ Yoast SEO plugin. -->","yoast_head_json":{"title":"Atos isolados - Realizados por pessoas particulares - ContaFinanceira","robots":{"index":"noindex","follow":"follow","max-snippet":"max-snippet:-1","max-image-preview":"max-image-preview:large","max-video-preview":"max-video-preview:-1"},"og_locale":"pt_PT","og_type":"article","og_title":"Atos isolados - Realizados por pessoas particulares - ContaFinanceira","og_description":"Atos isolados &#8211; Realizados por pessoas particulares Em termos fiscais, as opera\u00e7\u00f5es espor\u00e1dicas de venda de bens efetuadas por pessoas particulares que n\u00e3o exercem qualquer atividade econ\u00f3mica, podem ser consideradas como atos isolados desde que, em resultado da sua pr\u00e1tica, exista incid\u00eancia real em sede de IRS, tornando-se o particular tamb\u00e9m um sujeito passivo de IVA (cf. Al\u00ednea a) do n\u00ba1 do artigo 2\u00ba do CIVA) Para ser considerado ato de com\u00e9rcio, o particular no momento da sua aquisi\u00e7\u00e3o ou ...","og_url":"https:\/\/contafinanceira.pt\/index.php\/atos-isolados-realizados-por-pessoas-particulares\/","og_site_name":"ContaFinanceira","article_publisher":"http:\/\/www.facebook.com\/contafinanceira","article_published_time":"2013-09-26T21:54:53+00:00","article_modified_time":"2013-10-16T19:12:45+00:00","author":"ContaFinanceira","twitter_misc":{"Escrito por":"ContaFinanceira","Tempo estimado de leitura":"1 minuto"},"schema":{"@context":"https:\/\/schema.org","@graph":[{"@type":"Article","@id":"https:\/\/contafinanceira.pt\/index.php\/atos-isolados-realizados-por-pessoas-particulares\/#article","isPartOf":{"@id":"https:\/\/contafinanceira.pt\/index.php\/atos-isolados-realizados-por-pessoas-particulares\/"},"author":{"name":"ContaFinanceira","@id":"https:\/\/contafinanceira.pt\/#\/schema\/person\/440a41115a5422f7af22afbdab5b3e34"},"headline":"Atos isolados &#8211; Realizados por pessoas particulares","datePublished":"2013-09-26T21:54:53+00:00","dateModified":"2013-10-16T19:12:45+00:00","mainEntityOfPage":{"@id":"https:\/\/contafinanceira.pt\/index.php\/atos-isolados-realizados-por-pessoas-particulares\/"},"wordCount":124,"publisher":{"@id":"https:\/\/contafinanceira.pt\/#organization"},"articleSection":["Geral"],"inLanguage":"pt-PT"},{"@type":"WebPage","@id":"https:\/\/contafinanceira.pt\/index.php\/atos-isolados-realizados-por-pessoas-particulares\/","url":"https:\/\/contafinanceira.pt\/index.php\/atos-isolados-realizados-por-pessoas-particulares\/","name":"Atos isolados - Realizados por pessoas particulares - ContaFinanceira","isPartOf":{"@id":"https:\/\/contafinanceira.pt\/#website"},"datePublished":"2013-09-26T21:54:53+00:00","dateModified":"2013-10-16T19:12:45+00:00","breadcrumb":{"@id":"https:\/\/contafinanceira.pt\/index.php\/atos-isolados-realizados-por-pessoas-particulares\/#breadcrumb"},"inLanguage":"pt-PT","potentialAction":[{"@type":"ReadAction","target":["https:\/\/contafinanceira.pt\/index.php\/atos-isolados-realizados-por-pessoas-particulares\/"]}]},{"@type":"BreadcrumbList","@id":"https:\/\/contafinanceira.pt\/index.php\/atos-isolados-realizados-por-pessoas-particulares\/#breadcrumb","itemListElement":[{"@type":"ListItem","position":1,"name":"In\u00edcio","item":"https:\/\/contafinanceira.pt\/"},{"@type":"ListItem","position":2,"name":"Atos isolados &#8211; Realizados por pessoas particulares"}]},{"@type":"WebSite","@id":"https:\/\/contafinanceira.pt\/#website","url":"https:\/\/contafinanceira.pt\/","name":"ContaFinanceira","description":"Contabilidade e Consultoria Fiscal","publisher":{"@id":"https:\/\/contafinanceira.pt\/#organization"},"potentialAction":[{"@type":"SearchAction","target":{"@type":"EntryPoint","urlTemplate":"https:\/\/contafinanceira.pt\/?s={search_term_string}"},"query-input":"required name=search_term_string"}],"inLanguage":"pt-PT"},{"@type":"Organization","@id":"https:\/\/contafinanceira.pt\/#organization","name":"ContaFinanceira","url":"https:\/\/contafinanceira.pt\/","logo":{"@type":"ImageObject","inLanguage":"pt-PT","@id":"https:\/\/contafinanceira.pt\/#\/schema\/logo\/image\/","url":"https:\/\/contafinanceira.pt\/wp-content\/uploads\/2013\/09\/Logo-face.jpg","contentUrl":"https:\/\/contafinanceira.pt\/wp-content\/uploads\/2013\/09\/Logo-face.jpg","width":1358,"height":354,"caption":"ContaFinanceira"},"image":{"@id":"https:\/\/contafinanceira.pt\/#\/schema\/logo\/image\/"},"sameAs":["http:\/\/www.facebook.com\/contafinanceira"]},{"@type":"Person","@id":"https:\/\/contafinanceira.pt\/#\/schema\/person\/440a41115a5422f7af22afbdab5b3e34","name":"ContaFinanceira","image":{"@type":"ImageObject","inLanguage":"pt-PT","@id":"https:\/\/contafinanceira.pt\/#\/schema\/person\/image\/","url":"https:\/\/secure.gravatar.com\/avatar\/fb062a51f58fd61f0896369509af44c0?s=96&d=blank&r=g","contentUrl":"https:\/\/secure.gravatar.com\/avatar\/fb062a51f58fd61f0896369509af44c0?s=96&d=blank&r=g","caption":"ContaFinanceira"},"sameAs":["http:\/\/www.contafinanceira.pt"]}]}},"jetpack_sharing_enabled":true,"jetpack_featured_media_url":"","jetpack_shortlink":"https:\/\/wp.me\/p3RELV-iW","_links":{"self":[{"href":"https:\/\/contafinanceira.pt\/index.php\/wp-json\/wp\/v2\/posts\/1174"}],"collection":[{"href":"https:\/\/contafinanceira.pt\/index.php\/wp-json\/wp\/v2\/posts"}],"about":[{"href":"https:\/\/contafinanceira.pt\/index.php\/wp-json\/wp\/v2\/types\/post"}],"author":[{"embeddable":true,"href":"https:\/\/contafinanceira.pt\/index.php\/wp-json\/wp\/v2\/users\/1"}],"replies":[{"embeddable":true,"href":"https:\/\/contafinanceira.pt\/index.php\/wp-json\/wp\/v2\/comments?post=1174"}],"version-history":[{"count":1,"href":"https:\/\/contafinanceira.pt\/index.php\/wp-json\/wp\/v2\/posts\/1174\/revisions"}],"predecessor-version":[{"id":1175,"href":"https:\/\/contafinanceira.pt\/index.php\/wp-json\/wp\/v2\/posts\/1174\/revisions\/1175"}],"wp:attachment":[{"href":"https:\/\/contafinanceira.pt\/index.php\/wp-json\/wp\/v2\/media?parent=1174"}],"wp:term":[{"taxonomy":"category","embeddable":true,"href":"https:\/\/contafinanceira.pt\/index.php\/wp-json\/wp\/v2\/categories?post=1174"},{"taxonomy":"post_tag","embeddable":true,"href":"https:\/\/contafinanceira.pt\/index.php\/wp-json\/wp\/v2\/tags?post=1174"}],"curies":[{"name":"wp","href":"https:\/\/api.w.org\/{rel}","templated":true}]}}