
{"id":1183,"date":"2013-09-27T23:51:22","date_gmt":"2013-09-27T22:51:22","guid":{"rendered":"http:\/\/contafinanceira.pt\/?p=1183"},"modified":"2013-10-16T20:07:29","modified_gmt":"2013-10-16T19:07:29","slug":"iuc","status":"publish","type":"post","link":"https:\/\/contafinanceira.pt\/index.php\/iuc\/","title":{"rendered":"IUC"},"content":{"rendered":"<p>IUC \u2013 Comprovativo de pagamento<\/p>\n<p>O Imposto \u00danico de Circula\u00e7\u00e3o (IUC) \u00e9 um imposto anual que incide sobre a propriedade, e n\u00e3o sobre a circula\u00e7\u00e3o, pago at\u00e9 o ve\u00edculo ser abatido, sendo atualizado em Janeiro de cada ano civil.<\/p>\n<p>A falta de pagamento pode originar coima ou apreens\u00e3o da viatura.<\/p>\n<p>O IUC \u00e9 de periodicidade anual e deve ser pago at\u00e9 ao termo do m\u00eas de anivers\u00e1rio da matr\u00edcula do ve\u00edculo,independentemente de uso ou frui\u00e7\u00e3o, at\u00e9 que haja cancelamento da matr\u00edcula por abate da viatura efetuado nos termos da lei.<\/p>\n<p>O comprovativo de pagamento do IUC deve guardar-se durante quatro anos, per\u00edodo de tempo em que a Autoridade Tribut\u00e1ria pode vir a exigir o imposto (por exemplo, este ano, as notifica\u00e7\u00f5es enviadas referem o ano de 2009). No entanto, no caso de os contribuintes n\u00e3o terem guardado aquele documento, o presidente do STI afirma que podem apresentar o extrato banc\u00e1rio como comprovativo de pagamento<\/p>\n<p>Estamos dispon\u00edveis para qualquer esclarecimento adicional<\/p>\n<div style=\"padding-bottom:20px; padding-top:10px;\" class=\"hupso-share-buttons\"><!-- Hupso Share Buttons - https:\/\/www.hupso.com\/share\/ --><a class=\"hupso_counters\" href=\"https:\/\/www.hupso.com\/share\/\"><img decoding=\"async\" src=\"https:\/\/static.hupso.com\/share\/buttons\/dot.png\" style=\"border:0px; padding-top:2px; float:left;\" alt=\"Share Button\"\/><\/a><script type=\"text\/javascript\">var hupso_services_c=new Array(\"twitter\",\"facebook_like\",\"google\",\"email\",\"print\");var hupso_counters_lang = \"en_US\";var hupso_image_folder_url = \"\";var hupso_url_c=\"\";var hupso_title_c=\"IUC\";<\/script><script type=\"text\/javascript\" src=\"https:\/\/static.hupso.com\/share\/js\/counters.js\"><\/script><!-- Hupso Share Buttons --><\/div>\n","protected":false},"excerpt":{"rendered":"<p>IUC \u2013 Comprovativo de pagamento<br \/>\nO Imposto \u00danico de Circula\u00e7\u00e3o (IUC) \u00e9 um imposto anual que incide sobre a propriedade, e n\u00e3o sobre a circula\u00e7\u00e3o, pago at\u00e9 o ve\u00edculo ser abatido, sendo atualizado em Janeiro de cada ano civil.<br \/>\nA falta de pagamento pode originar coima ou apreens\u00e3o da viatura.<br \/>\nO IUC \u00e9 de periodicidade anual e deve ser pago at\u00e9 ao termo do m\u00eas de anivers\u00e1rio da matr\u00edcula do ve\u00edculo,independentemente de uso ou frui\u00e7\u00e3o, at\u00e9 que haja cancelamento da &#8230;<\/p>\n","protected":false},"author":1,"featured_media":0,"comment_status":"closed","ping_status":"open","sticky":false,"template":"","format":"standard","meta":{"jetpack_post_was_ever_published":false,"_jetpack_newsletter_access":"","_jetpack_dont_email_post_to_subs":false,"_jetpack_newsletter_tier_id":0,"_jetpack_memberships_contains_paywalled_content":false,"_jetpack_memberships_contains_paid_content":false,"footnotes":""},"categories":[1],"tags":[],"class_list":["post-1183","post","type-post","status-publish","format-standard","hentry","category-geral"],"yoast_head":"<!-- This site is optimized with the Yoast SEO plugin v23.3 - https:\/\/yoast.com\/wordpress\/plugins\/seo\/ -->\n<title>IUC - ContaFinanceira<\/title>\n<meta name=\"robots\" content=\"noindex, follow, max-snippet:-1, max-image-preview:large, max-video-preview:-1\" \/>\n<meta property=\"og:locale\" content=\"pt_PT\" \/>\n<meta property=\"og:type\" content=\"article\" \/>\n<meta property=\"og:title\" content=\"IUC - ContaFinanceira\" \/>\n<meta property=\"og:description\" content=\"IUC \u2013 Comprovativo de pagamento O Imposto \u00danico de Circula\u00e7\u00e3o (IUC) \u00e9 um imposto anual que incide sobre a propriedade, e n\u00e3o sobre a circula\u00e7\u00e3o, pago at\u00e9 o ve\u00edculo ser abatido, sendo atualizado em Janeiro de cada ano civil. A falta de pagamento pode originar coima ou apreens\u00e3o da viatura. O IUC \u00e9 de periodicidade anual e deve ser pago at\u00e9 ao termo do m\u00eas de anivers\u00e1rio da matr\u00edcula do ve\u00edculo,independentemente de uso ou frui\u00e7\u00e3o, at\u00e9 que haja cancelamento da ...\" \/>\n<meta property=\"og:url\" content=\"https:\/\/contafinanceira.pt\/index.php\/iuc\/\" \/>\n<meta property=\"og:site_name\" content=\"ContaFinanceira\" \/>\n<meta property=\"article:publisher\" content=\"http:\/\/www.facebook.com\/contafinanceira\" \/>\n<meta property=\"article:published_time\" content=\"2013-09-27T22:51:22+00:00\" \/>\n<meta property=\"article:modified_time\" content=\"2013-10-16T19:07:29+00:00\" \/>\n<meta name=\"author\" content=\"ContaFinanceira\" \/>\n<meta name=\"twitter:label1\" content=\"Escrito por\" \/>\n\t<meta name=\"twitter:data1\" content=\"ContaFinanceira\" \/>\n\t<meta name=\"twitter:label2\" content=\"Tempo estimado de leitura\" \/>\n\t<meta name=\"twitter:data2\" content=\"1 minuto\" \/>\n<script type=\"application\/ld+json\" class=\"yoast-schema-graph\">{\"@context\":\"https:\/\/schema.org\",\"@graph\":[{\"@type\":\"Article\",\"@id\":\"https:\/\/contafinanceira.pt\/index.php\/iuc\/#article\",\"isPartOf\":{\"@id\":\"https:\/\/contafinanceira.pt\/index.php\/iuc\/\"},\"author\":{\"name\":\"ContaFinanceira\",\"@id\":\"https:\/\/contafinanceira.pt\/#\/schema\/person\/440a41115a5422f7af22afbdab5b3e34\"},\"headline\":\"IUC\",\"datePublished\":\"2013-09-27T22:51:22+00:00\",\"dateModified\":\"2013-10-16T19:07:29+00:00\",\"mainEntityOfPage\":{\"@id\":\"https:\/\/contafinanceira.pt\/index.php\/iuc\/\"},\"wordCount\":175,\"publisher\":{\"@id\":\"https:\/\/contafinanceira.pt\/#organization\"},\"articleSection\":[\"Geral\"],\"inLanguage\":\"pt-PT\"},{\"@type\":\"WebPage\",\"@id\":\"https:\/\/contafinanceira.pt\/index.php\/iuc\/\",\"url\":\"https:\/\/contafinanceira.pt\/index.php\/iuc\/\",\"name\":\"IUC - ContaFinanceira\",\"isPartOf\":{\"@id\":\"https:\/\/contafinanceira.pt\/#website\"},\"datePublished\":\"2013-09-27T22:51:22+00:00\",\"dateModified\":\"2013-10-16T19:07:29+00:00\",\"breadcrumb\":{\"@id\":\"https:\/\/contafinanceira.pt\/index.php\/iuc\/#breadcrumb\"},\"inLanguage\":\"pt-PT\",\"potentialAction\":[{\"@type\":\"ReadAction\",\"target\":[\"https:\/\/contafinanceira.pt\/index.php\/iuc\/\"]}]},{\"@type\":\"BreadcrumbList\",\"@id\":\"https:\/\/contafinanceira.pt\/index.php\/iuc\/#breadcrumb\",\"itemListElement\":[{\"@type\":\"ListItem\",\"position\":1,\"name\":\"In\u00edcio\",\"item\":\"https:\/\/contafinanceira.pt\/\"},{\"@type\":\"ListItem\",\"position\":2,\"name\":\"IUC\"}]},{\"@type\":\"WebSite\",\"@id\":\"https:\/\/contafinanceira.pt\/#website\",\"url\":\"https:\/\/contafinanceira.pt\/\",\"name\":\"ContaFinanceira\",\"description\":\"Contabilidade e Consultoria Fiscal\",\"publisher\":{\"@id\":\"https:\/\/contafinanceira.pt\/#organization\"},\"potentialAction\":[{\"@type\":\"SearchAction\",\"target\":{\"@type\":\"EntryPoint\",\"urlTemplate\":\"https:\/\/contafinanceira.pt\/?s={search_term_string}\"},\"query-input\":\"required name=search_term_string\"}],\"inLanguage\":\"pt-PT\"},{\"@type\":\"Organization\",\"@id\":\"https:\/\/contafinanceira.pt\/#organization\",\"name\":\"ContaFinanceira\",\"url\":\"https:\/\/contafinanceira.pt\/\",\"logo\":{\"@type\":\"ImageObject\",\"inLanguage\":\"pt-PT\",\"@id\":\"https:\/\/contafinanceira.pt\/#\/schema\/logo\/image\/\",\"url\":\"https:\/\/contafinanceira.pt\/wp-content\/uploads\/2013\/09\/Logo-face.jpg\",\"contentUrl\":\"https:\/\/contafinanceira.pt\/wp-content\/uploads\/2013\/09\/Logo-face.jpg\",\"width\":1358,\"height\":354,\"caption\":\"ContaFinanceira\"},\"image\":{\"@id\":\"https:\/\/contafinanceira.pt\/#\/schema\/logo\/image\/\"},\"sameAs\":[\"http:\/\/www.facebook.com\/contafinanceira\"]},{\"@type\":\"Person\",\"@id\":\"https:\/\/contafinanceira.pt\/#\/schema\/person\/440a41115a5422f7af22afbdab5b3e34\",\"name\":\"ContaFinanceira\",\"image\":{\"@type\":\"ImageObject\",\"inLanguage\":\"pt-PT\",\"@id\":\"https:\/\/contafinanceira.pt\/#\/schema\/person\/image\/\",\"url\":\"https:\/\/secure.gravatar.com\/avatar\/fb062a51f58fd61f0896369509af44c0?s=96&d=blank&r=g\",\"contentUrl\":\"https:\/\/secure.gravatar.com\/avatar\/fb062a51f58fd61f0896369509af44c0?s=96&d=blank&r=g\",\"caption\":\"ContaFinanceira\"},\"sameAs\":[\"http:\/\/www.contafinanceira.pt\"]}]}<\/script>\n<!-- \/ Yoast SEO plugin. -->","yoast_head_json":{"title":"IUC - ContaFinanceira","robots":{"index":"noindex","follow":"follow","max-snippet":"max-snippet:-1","max-image-preview":"max-image-preview:large","max-video-preview":"max-video-preview:-1"},"og_locale":"pt_PT","og_type":"article","og_title":"IUC - ContaFinanceira","og_description":"IUC \u2013 Comprovativo de pagamento O Imposto \u00danico de Circula\u00e7\u00e3o (IUC) \u00e9 um imposto anual que incide sobre a propriedade, e n\u00e3o sobre a circula\u00e7\u00e3o, pago at\u00e9 o ve\u00edculo ser abatido, sendo atualizado em Janeiro de cada ano civil. A falta de pagamento pode originar coima ou apreens\u00e3o da viatura. O IUC \u00e9 de periodicidade anual e deve ser pago at\u00e9 ao termo do m\u00eas de anivers\u00e1rio da matr\u00edcula do ve\u00edculo,independentemente de uso ou frui\u00e7\u00e3o, at\u00e9 que haja cancelamento da ...","og_url":"https:\/\/contafinanceira.pt\/index.php\/iuc\/","og_site_name":"ContaFinanceira","article_publisher":"http:\/\/www.facebook.com\/contafinanceira","article_published_time":"2013-09-27T22:51:22+00:00","article_modified_time":"2013-10-16T19:07:29+00:00","author":"ContaFinanceira","twitter_misc":{"Escrito por":"ContaFinanceira","Tempo estimado de leitura":"1 minuto"},"schema":{"@context":"https:\/\/schema.org","@graph":[{"@type":"Article","@id":"https:\/\/contafinanceira.pt\/index.php\/iuc\/#article","isPartOf":{"@id":"https:\/\/contafinanceira.pt\/index.php\/iuc\/"},"author":{"name":"ContaFinanceira","@id":"https:\/\/contafinanceira.pt\/#\/schema\/person\/440a41115a5422f7af22afbdab5b3e34"},"headline":"IUC","datePublished":"2013-09-27T22:51:22+00:00","dateModified":"2013-10-16T19:07:29+00:00","mainEntityOfPage":{"@id":"https:\/\/contafinanceira.pt\/index.php\/iuc\/"},"wordCount":175,"publisher":{"@id":"https:\/\/contafinanceira.pt\/#organization"},"articleSection":["Geral"],"inLanguage":"pt-PT"},{"@type":"WebPage","@id":"https:\/\/contafinanceira.pt\/index.php\/iuc\/","url":"https:\/\/contafinanceira.pt\/index.php\/iuc\/","name":"IUC - ContaFinanceira","isPartOf":{"@id":"https:\/\/contafinanceira.pt\/#website"},"datePublished":"2013-09-27T22:51:22+00:00","dateModified":"2013-10-16T19:07:29+00:00","breadcrumb":{"@id":"https:\/\/contafinanceira.pt\/index.php\/iuc\/#breadcrumb"},"inLanguage":"pt-PT","potentialAction":[{"@type":"ReadAction","target":["https:\/\/contafinanceira.pt\/index.php\/iuc\/"]}]},{"@type":"BreadcrumbList","@id":"https:\/\/contafinanceira.pt\/index.php\/iuc\/#breadcrumb","itemListElement":[{"@type":"ListItem","position":1,"name":"In\u00edcio","item":"https:\/\/contafinanceira.pt\/"},{"@type":"ListItem","position":2,"name":"IUC"}]},{"@type":"WebSite","@id":"https:\/\/contafinanceira.pt\/#website","url":"https:\/\/contafinanceira.pt\/","name":"ContaFinanceira","description":"Contabilidade e Consultoria Fiscal","publisher":{"@id":"https:\/\/contafinanceira.pt\/#organization"},"potentialAction":[{"@type":"SearchAction","target":{"@type":"EntryPoint","urlTemplate":"https:\/\/contafinanceira.pt\/?s={search_term_string}"},"query-input":"required name=search_term_string"}],"inLanguage":"pt-PT"},{"@type":"Organization","@id":"https:\/\/contafinanceira.pt\/#organization","name":"ContaFinanceira","url":"https:\/\/contafinanceira.pt\/","logo":{"@type":"ImageObject","inLanguage":"pt-PT","@id":"https:\/\/contafinanceira.pt\/#\/schema\/logo\/image\/","url":"https:\/\/contafinanceira.pt\/wp-content\/uploads\/2013\/09\/Logo-face.jpg","contentUrl":"https:\/\/contafinanceira.pt\/wp-content\/uploads\/2013\/09\/Logo-face.jpg","width":1358,"height":354,"caption":"ContaFinanceira"},"image":{"@id":"https:\/\/contafinanceira.pt\/#\/schema\/logo\/image\/"},"sameAs":["http:\/\/www.facebook.com\/contafinanceira"]},{"@type":"Person","@id":"https:\/\/contafinanceira.pt\/#\/schema\/person\/440a41115a5422f7af22afbdab5b3e34","name":"ContaFinanceira","image":{"@type":"ImageObject","inLanguage":"pt-PT","@id":"https:\/\/contafinanceira.pt\/#\/schema\/person\/image\/","url":"https:\/\/secure.gravatar.com\/avatar\/fb062a51f58fd61f0896369509af44c0?s=96&d=blank&r=g","contentUrl":"https:\/\/secure.gravatar.com\/avatar\/fb062a51f58fd61f0896369509af44c0?s=96&d=blank&r=g","caption":"ContaFinanceira"},"sameAs":["http:\/\/www.contafinanceira.pt"]}]}},"jetpack_sharing_enabled":true,"jetpack_featured_media_url":"","jetpack_shortlink":"https:\/\/wp.me\/s3RELV-iuc","_links":{"self":[{"href":"https:\/\/contafinanceira.pt\/index.php\/wp-json\/wp\/v2\/posts\/1183"}],"collection":[{"href":"https:\/\/contafinanceira.pt\/index.php\/wp-json\/wp\/v2\/posts"}],"about":[{"href":"https:\/\/contafinanceira.pt\/index.php\/wp-json\/wp\/v2\/types\/post"}],"author":[{"embeddable":true,"href":"https:\/\/contafinanceira.pt\/index.php\/wp-json\/wp\/v2\/users\/1"}],"replies":[{"embeddable":true,"href":"https:\/\/contafinanceira.pt\/index.php\/wp-json\/wp\/v2\/comments?post=1183"}],"version-history":[{"count":1,"href":"https:\/\/contafinanceira.pt\/index.php\/wp-json\/wp\/v2\/posts\/1183\/revisions"}],"predecessor-version":[{"id":1184,"href":"https:\/\/contafinanceira.pt\/index.php\/wp-json\/wp\/v2\/posts\/1183\/revisions\/1184"}],"wp:attachment":[{"href":"https:\/\/contafinanceira.pt\/index.php\/wp-json\/wp\/v2\/media?parent=1183"}],"wp:term":[{"taxonomy":"category","embeddable":true,"href":"https:\/\/contafinanceira.pt\/index.php\/wp-json\/wp\/v2\/categories?post=1183"},{"taxonomy":"post_tag","embeddable":true,"href":"https:\/\/contafinanceira.pt\/index.php\/wp-json\/wp\/v2\/tags?post=1183"}],"curies":[{"name":"wp","href":"https:\/\/api.w.org\/{rel}","templated":true}]}}