
{"id":1187,"date":"2013-10-03T22:59:58","date_gmt":"2013-10-03T21:59:58","guid":{"rendered":"http:\/\/contafinanceira.pt\/?p=1187"},"modified":"2013-10-16T20:05:09","modified_gmt":"2013-10-16T19:05:09","slug":"abono-de-familia-condicoes-de-atribuicao-ate-aos-16-anos","status":"publish","type":"post","link":"https:\/\/contafinanceira.pt\/index.php\/abono-de-familia-condicoes-de-atribuicao-ate-aos-16-anos\/","title":{"rendered":"Abono de fam\u00edlia &#8211; Condi\u00e7\u00f5es de atribui\u00e7\u00e3o at\u00e9 aos 16 anos"},"content":{"rendered":"<p>Abono de fam\u00edlia &#8211; Condi\u00e7\u00f5es de atribui\u00e7\u00e3o at\u00e9 aos 16 anos<\/p>\n<p>T\u00eam direito ao abono de fam\u00edlia as crian\u00e7as e jovens que re\u00fanam as seguintes condi\u00e7\u00f5es:<\/p>\n<p>1. Residentes em Portugal ou equiparados a residentes<br \/>\n2. Que n\u00e3o trabalhem<br \/>\n3. Cujo agregado familiar:<br \/>\n3.1. N\u00e3o tenha patrim\u00f3nio mobili\u00e1rio (contas banc\u00e1rias, a\u00e7\u00f5es, obriga\u00e7\u00f5es, certificados de aforro, t\u00edtulos de participa\u00e7\u00e3o e unidades de participa\u00e7\u00e3o em institui\u00e7\u00f5es de investimento coletivo) no valor superior a 100.612,80 EUR \u00e0 data do requerimento.<br \/>\n3.2. Tenha um rendimento de refer\u00eancia igual ou inferior ao valor estabelecido para o 3.\u00ba escal\u00e3o de rendimentos ou sejam considerados pessoas isoladas.<\/p>\n<p>Estamos dispon\u00edveis para qualquer esclarecimento adicional<\/p>\n<div style=\"padding-bottom:20px; padding-top:10px;\" class=\"hupso-share-buttons\"><!-- Hupso Share Buttons - https:\/\/www.hupso.com\/share\/ --><a class=\"hupso_counters\" href=\"https:\/\/www.hupso.com\/share\/\"><img decoding=\"async\" src=\"https:\/\/static.hupso.com\/share\/buttons\/dot.png\" style=\"border:0px; padding-top:2px; float:left;\" alt=\"Share Button\"\/><\/a><script type=\"text\/javascript\">var hupso_services_c=new Array(\"twitter\",\"facebook_like\",\"google\",\"email\",\"print\");var hupso_counters_lang = \"en_US\";var hupso_image_folder_url = \"\";var hupso_url_c=\"\";var hupso_title_c=\"Abono%20de%20fam%C3%ADlia%20-%20Condi%C3%A7%C3%B5es%20de%20atribui%C3%A7%C3%A3o%20at%C3%A9%20aos%2016%20anos\";<\/script><script type=\"text\/javascript\" src=\"https:\/\/static.hupso.com\/share\/js\/counters.js\"><\/script><!-- Hupso Share Buttons --><\/div>\n","protected":false},"excerpt":{"rendered":"<p>Abono de fam\u00edlia &#8211; Condi\u00e7\u00f5es de atribui\u00e7\u00e3o at\u00e9 aos 16 anos<br \/>\nT\u00eam direito ao abono de fam\u00edlia as crian\u00e7as e jovens que re\u00fanam as seguintes condi\u00e7\u00f5es:<br \/>\n1. Residentes em Portugal ou equiparados a residentes<br \/>\n2. Que n\u00e3o trabalhem<br \/>\n3. Cujo agregado familiar:<br \/>\n3.1. N\u00e3o tenha patrim\u00f3nio mobili\u00e1rio (contas banc\u00e1rias, a\u00e7\u00f5es, obriga\u00e7\u00f5es, certificados de aforro, t\u00edtulos de participa\u00e7\u00e3o e unidades de participa\u00e7\u00e3o em institui\u00e7\u00f5es de investimento coletivo) no valor superior a 100.612,80 EUR \u00e0 data do requerimento.<br \/>\n3.2. Tenha um rendimento &#8230;<\/p>\n","protected":false},"author":1,"featured_media":0,"comment_status":"closed","ping_status":"open","sticky":false,"template":"","format":"standard","meta":{"jetpack_post_was_ever_published":false,"_jetpack_newsletter_access":"","_jetpack_dont_email_post_to_subs":false,"_jetpack_newsletter_tier_id":0,"_jetpack_memberships_contains_paywalled_content":false,"_jetpack_memberships_contains_paid_content":false,"footnotes":""},"categories":[1],"tags":[],"class_list":["post-1187","post","type-post","status-publish","format-standard","hentry","category-geral"],"yoast_head":"<!-- This site is optimized with the Yoast SEO plugin v23.3 - https:\/\/yoast.com\/wordpress\/plugins\/seo\/ -->\n<title>Abono de fam\u00edlia - Condi\u00e7\u00f5es de atribui\u00e7\u00e3o at\u00e9 aos 16 anos - ContaFinanceira<\/title>\n<meta name=\"robots\" content=\"noindex, follow, max-snippet:-1, max-image-preview:large, max-video-preview:-1\" \/>\n<meta property=\"og:locale\" content=\"pt_PT\" \/>\n<meta property=\"og:type\" content=\"article\" \/>\n<meta property=\"og:title\" content=\"Abono de fam\u00edlia - Condi\u00e7\u00f5es de atribui\u00e7\u00e3o at\u00e9 aos 16 anos - ContaFinanceira\" \/>\n<meta property=\"og:description\" content=\"Abono de fam\u00edlia &#8211; Condi\u00e7\u00f5es de atribui\u00e7\u00e3o at\u00e9 aos 16 anos T\u00eam direito ao abono de fam\u00edlia as crian\u00e7as e jovens que re\u00fanam as seguintes condi\u00e7\u00f5es: 1. Residentes em Portugal ou equiparados a residentes 2. Que n\u00e3o trabalhem 3. Cujo agregado familiar: 3.1. N\u00e3o tenha patrim\u00f3nio mobili\u00e1rio (contas banc\u00e1rias, a\u00e7\u00f5es, obriga\u00e7\u00f5es, certificados de aforro, t\u00edtulos de participa\u00e7\u00e3o e unidades de participa\u00e7\u00e3o em institui\u00e7\u00f5es de investimento coletivo) no valor superior a 100.612,80 EUR \u00e0 data do requerimento. 3.2. Tenha um rendimento ...\" \/>\n<meta property=\"og:url\" content=\"https:\/\/contafinanceira.pt\/index.php\/abono-de-familia-condicoes-de-atribuicao-ate-aos-16-anos\/\" \/>\n<meta property=\"og:site_name\" content=\"ContaFinanceira\" \/>\n<meta property=\"article:publisher\" content=\"http:\/\/www.facebook.com\/contafinanceira\" \/>\n<meta property=\"article:published_time\" content=\"2013-10-03T21:59:58+00:00\" \/>\n<meta property=\"article:modified_time\" content=\"2013-10-16T19:05:09+00:00\" \/>\n<meta name=\"author\" content=\"ContaFinanceira\" \/>\n<meta name=\"twitter:label1\" content=\"Escrito por\" \/>\n\t<meta name=\"twitter:data1\" content=\"ContaFinanceira\" \/>\n\t<meta name=\"twitter:label2\" content=\"Tempo estimado de leitura\" \/>\n\t<meta name=\"twitter:data2\" content=\"1 minuto\" \/>\n<script type=\"application\/ld+json\" class=\"yoast-schema-graph\">{\"@context\":\"https:\/\/schema.org\",\"@graph\":[{\"@type\":\"Article\",\"@id\":\"https:\/\/contafinanceira.pt\/index.php\/abono-de-familia-condicoes-de-atribuicao-ate-aos-16-anos\/#article\",\"isPartOf\":{\"@id\":\"https:\/\/contafinanceira.pt\/index.php\/abono-de-familia-condicoes-de-atribuicao-ate-aos-16-anos\/\"},\"author\":{\"name\":\"ContaFinanceira\",\"@id\":\"https:\/\/contafinanceira.pt\/#\/schema\/person\/440a41115a5422f7af22afbdab5b3e34\"},\"headline\":\"Abono de fam\u00edlia &#8211; Condi\u00e7\u00f5es de atribui\u00e7\u00e3o at\u00e9 aos 16 anos\",\"datePublished\":\"2013-10-03T21:59:58+00:00\",\"dateModified\":\"2013-10-16T19:05:09+00:00\",\"mainEntityOfPage\":{\"@id\":\"https:\/\/contafinanceira.pt\/index.php\/abono-de-familia-condicoes-de-atribuicao-ate-aos-16-anos\/\"},\"wordCount\":131,\"publisher\":{\"@id\":\"https:\/\/contafinanceira.pt\/#organization\"},\"articleSection\":[\"Geral\"],\"inLanguage\":\"pt-PT\"},{\"@type\":\"WebPage\",\"@id\":\"https:\/\/contafinanceira.pt\/index.php\/abono-de-familia-condicoes-de-atribuicao-ate-aos-16-anos\/\",\"url\":\"https:\/\/contafinanceira.pt\/index.php\/abono-de-familia-condicoes-de-atribuicao-ate-aos-16-anos\/\",\"name\":\"Abono de fam\u00edlia - Condi\u00e7\u00f5es de atribui\u00e7\u00e3o at\u00e9 aos 16 anos - ContaFinanceira\",\"isPartOf\":{\"@id\":\"https:\/\/contafinanceira.pt\/#website\"},\"datePublished\":\"2013-10-03T21:59:58+00:00\",\"dateModified\":\"2013-10-16T19:05:09+00:00\",\"breadcrumb\":{\"@id\":\"https:\/\/contafinanceira.pt\/index.php\/abono-de-familia-condicoes-de-atribuicao-ate-aos-16-anos\/#breadcrumb\"},\"inLanguage\":\"pt-PT\",\"potentialAction\":[{\"@type\":\"ReadAction\",\"target\":[\"https:\/\/contafinanceira.pt\/index.php\/abono-de-familia-condicoes-de-atribuicao-ate-aos-16-anos\/\"]}]},{\"@type\":\"BreadcrumbList\",\"@id\":\"https:\/\/contafinanceira.pt\/index.php\/abono-de-familia-condicoes-de-atribuicao-ate-aos-16-anos\/#breadcrumb\",\"itemListElement\":[{\"@type\":\"ListItem\",\"position\":1,\"name\":\"In\u00edcio\",\"item\":\"https:\/\/contafinanceira.pt\/\"},{\"@type\":\"ListItem\",\"position\":2,\"name\":\"Abono de fam\u00edlia &#8211; Condi\u00e7\u00f5es de atribui\u00e7\u00e3o at\u00e9 aos 16 anos\"}]},{\"@type\":\"WebSite\",\"@id\":\"https:\/\/contafinanceira.pt\/#website\",\"url\":\"https:\/\/contafinanceira.pt\/\",\"name\":\"ContaFinanceira\",\"description\":\"Contabilidade e Consultoria Fiscal\",\"publisher\":{\"@id\":\"https:\/\/contafinanceira.pt\/#organization\"},\"potentialAction\":[{\"@type\":\"SearchAction\",\"target\":{\"@type\":\"EntryPoint\",\"urlTemplate\":\"https:\/\/contafinanceira.pt\/?s={search_term_string}\"},\"query-input\":\"required name=search_term_string\"}],\"inLanguage\":\"pt-PT\"},{\"@type\":\"Organization\",\"@id\":\"https:\/\/contafinanceira.pt\/#organization\",\"name\":\"ContaFinanceira\",\"url\":\"https:\/\/contafinanceira.pt\/\",\"logo\":{\"@type\":\"ImageObject\",\"inLanguage\":\"pt-PT\",\"@id\":\"https:\/\/contafinanceira.pt\/#\/schema\/logo\/image\/\",\"url\":\"https:\/\/contafinanceira.pt\/wp-content\/uploads\/2013\/09\/Logo-face.jpg\",\"contentUrl\":\"https:\/\/contafinanceira.pt\/wp-content\/uploads\/2013\/09\/Logo-face.jpg\",\"width\":1358,\"height\":354,\"caption\":\"ContaFinanceira\"},\"image\":{\"@id\":\"https:\/\/contafinanceira.pt\/#\/schema\/logo\/image\/\"},\"sameAs\":[\"http:\/\/www.facebook.com\/contafinanceira\"]},{\"@type\":\"Person\",\"@id\":\"https:\/\/contafinanceira.pt\/#\/schema\/person\/440a41115a5422f7af22afbdab5b3e34\",\"name\":\"ContaFinanceira\",\"image\":{\"@type\":\"ImageObject\",\"inLanguage\":\"pt-PT\",\"@id\":\"https:\/\/contafinanceira.pt\/#\/schema\/person\/image\/\",\"url\":\"https:\/\/secure.gravatar.com\/avatar\/fb062a51f58fd61f0896369509af44c0?s=96&d=blank&r=g\",\"contentUrl\":\"https:\/\/secure.gravatar.com\/avatar\/fb062a51f58fd61f0896369509af44c0?s=96&d=blank&r=g\",\"caption\":\"ContaFinanceira\"},\"sameAs\":[\"http:\/\/www.contafinanceira.pt\"]}]}<\/script>\n<!-- \/ Yoast SEO plugin. -->","yoast_head_json":{"title":"Abono de fam\u00edlia - Condi\u00e7\u00f5es de atribui\u00e7\u00e3o at\u00e9 aos 16 anos - ContaFinanceira","robots":{"index":"noindex","follow":"follow","max-snippet":"max-snippet:-1","max-image-preview":"max-image-preview:large","max-video-preview":"max-video-preview:-1"},"og_locale":"pt_PT","og_type":"article","og_title":"Abono de fam\u00edlia - Condi\u00e7\u00f5es de atribui\u00e7\u00e3o at\u00e9 aos 16 anos - ContaFinanceira","og_description":"Abono de fam\u00edlia &#8211; Condi\u00e7\u00f5es de atribui\u00e7\u00e3o at\u00e9 aos 16 anos T\u00eam direito ao abono de fam\u00edlia as crian\u00e7as e jovens que re\u00fanam as seguintes condi\u00e7\u00f5es: 1. Residentes em Portugal ou equiparados a residentes 2. Que n\u00e3o trabalhem 3. Cujo agregado familiar: 3.1. N\u00e3o tenha patrim\u00f3nio mobili\u00e1rio (contas banc\u00e1rias, a\u00e7\u00f5es, obriga\u00e7\u00f5es, certificados de aforro, t\u00edtulos de participa\u00e7\u00e3o e unidades de participa\u00e7\u00e3o em institui\u00e7\u00f5es de investimento coletivo) no valor superior a 100.612,80 EUR \u00e0 data do requerimento. 3.2. Tenha um rendimento ...","og_url":"https:\/\/contafinanceira.pt\/index.php\/abono-de-familia-condicoes-de-atribuicao-ate-aos-16-anos\/","og_site_name":"ContaFinanceira","article_publisher":"http:\/\/www.facebook.com\/contafinanceira","article_published_time":"2013-10-03T21:59:58+00:00","article_modified_time":"2013-10-16T19:05:09+00:00","author":"ContaFinanceira","twitter_misc":{"Escrito por":"ContaFinanceira","Tempo estimado de leitura":"1 minuto"},"schema":{"@context":"https:\/\/schema.org","@graph":[{"@type":"Article","@id":"https:\/\/contafinanceira.pt\/index.php\/abono-de-familia-condicoes-de-atribuicao-ate-aos-16-anos\/#article","isPartOf":{"@id":"https:\/\/contafinanceira.pt\/index.php\/abono-de-familia-condicoes-de-atribuicao-ate-aos-16-anos\/"},"author":{"name":"ContaFinanceira","@id":"https:\/\/contafinanceira.pt\/#\/schema\/person\/440a41115a5422f7af22afbdab5b3e34"},"headline":"Abono de fam\u00edlia &#8211; Condi\u00e7\u00f5es de atribui\u00e7\u00e3o at\u00e9 aos 16 anos","datePublished":"2013-10-03T21:59:58+00:00","dateModified":"2013-10-16T19:05:09+00:00","mainEntityOfPage":{"@id":"https:\/\/contafinanceira.pt\/index.php\/abono-de-familia-condicoes-de-atribuicao-ate-aos-16-anos\/"},"wordCount":131,"publisher":{"@id":"https:\/\/contafinanceira.pt\/#organization"},"articleSection":["Geral"],"inLanguage":"pt-PT"},{"@type":"WebPage","@id":"https:\/\/contafinanceira.pt\/index.php\/abono-de-familia-condicoes-de-atribuicao-ate-aos-16-anos\/","url":"https:\/\/contafinanceira.pt\/index.php\/abono-de-familia-condicoes-de-atribuicao-ate-aos-16-anos\/","name":"Abono de fam\u00edlia - Condi\u00e7\u00f5es de atribui\u00e7\u00e3o at\u00e9 aos 16 anos - ContaFinanceira","isPartOf":{"@id":"https:\/\/contafinanceira.pt\/#website"},"datePublished":"2013-10-03T21:59:58+00:00","dateModified":"2013-10-16T19:05:09+00:00","breadcrumb":{"@id":"https:\/\/contafinanceira.pt\/index.php\/abono-de-familia-condicoes-de-atribuicao-ate-aos-16-anos\/#breadcrumb"},"inLanguage":"pt-PT","potentialAction":[{"@type":"ReadAction","target":["https:\/\/contafinanceira.pt\/index.php\/abono-de-familia-condicoes-de-atribuicao-ate-aos-16-anos\/"]}]},{"@type":"BreadcrumbList","@id":"https:\/\/contafinanceira.pt\/index.php\/abono-de-familia-condicoes-de-atribuicao-ate-aos-16-anos\/#breadcrumb","itemListElement":[{"@type":"ListItem","position":1,"name":"In\u00edcio","item":"https:\/\/contafinanceira.pt\/"},{"@type":"ListItem","position":2,"name":"Abono de fam\u00edlia &#8211; Condi\u00e7\u00f5es de atribui\u00e7\u00e3o at\u00e9 aos 16 anos"}]},{"@type":"WebSite","@id":"https:\/\/contafinanceira.pt\/#website","url":"https:\/\/contafinanceira.pt\/","name":"ContaFinanceira","description":"Contabilidade e Consultoria Fiscal","publisher":{"@id":"https:\/\/contafinanceira.pt\/#organization"},"potentialAction":[{"@type":"SearchAction","target":{"@type":"EntryPoint","urlTemplate":"https:\/\/contafinanceira.pt\/?s={search_term_string}"},"query-input":"required name=search_term_string"}],"inLanguage":"pt-PT"},{"@type":"Organization","@id":"https:\/\/contafinanceira.pt\/#organization","name":"ContaFinanceira","url":"https:\/\/contafinanceira.pt\/","logo":{"@type":"ImageObject","inLanguage":"pt-PT","@id":"https:\/\/contafinanceira.pt\/#\/schema\/logo\/image\/","url":"https:\/\/contafinanceira.pt\/wp-content\/uploads\/2013\/09\/Logo-face.jpg","contentUrl":"https:\/\/contafinanceira.pt\/wp-content\/uploads\/2013\/09\/Logo-face.jpg","width":1358,"height":354,"caption":"ContaFinanceira"},"image":{"@id":"https:\/\/contafinanceira.pt\/#\/schema\/logo\/image\/"},"sameAs":["http:\/\/www.facebook.com\/contafinanceira"]},{"@type":"Person","@id":"https:\/\/contafinanceira.pt\/#\/schema\/person\/440a41115a5422f7af22afbdab5b3e34","name":"ContaFinanceira","image":{"@type":"ImageObject","inLanguage":"pt-PT","@id":"https:\/\/contafinanceira.pt\/#\/schema\/person\/image\/","url":"https:\/\/secure.gravatar.com\/avatar\/fb062a51f58fd61f0896369509af44c0?s=96&d=blank&r=g","contentUrl":"https:\/\/secure.gravatar.com\/avatar\/fb062a51f58fd61f0896369509af44c0?s=96&d=blank&r=g","caption":"ContaFinanceira"},"sameAs":["http:\/\/www.contafinanceira.pt"]}]}},"jetpack_sharing_enabled":true,"jetpack_featured_media_url":"","jetpack_shortlink":"https:\/\/wp.me\/p3RELV-j9","_links":{"self":[{"href":"https:\/\/contafinanceira.pt\/index.php\/wp-json\/wp\/v2\/posts\/1187"}],"collection":[{"href":"https:\/\/contafinanceira.pt\/index.php\/wp-json\/wp\/v2\/posts"}],"about":[{"href":"https:\/\/contafinanceira.pt\/index.php\/wp-json\/wp\/v2\/types\/post"}],"author":[{"embeddable":true,"href":"https:\/\/contafinanceira.pt\/index.php\/wp-json\/wp\/v2\/users\/1"}],"replies":[{"embeddable":true,"href":"https:\/\/contafinanceira.pt\/index.php\/wp-json\/wp\/v2\/comments?post=1187"}],"version-history":[{"count":1,"href":"https:\/\/contafinanceira.pt\/index.php\/wp-json\/wp\/v2\/posts\/1187\/revisions"}],"predecessor-version":[{"id":1188,"href":"https:\/\/contafinanceira.pt\/index.php\/wp-json\/wp\/v2\/posts\/1187\/revisions\/1188"}],"wp:attachment":[{"href":"https:\/\/contafinanceira.pt\/index.php\/wp-json\/wp\/v2\/media?parent=1187"}],"wp:term":[{"taxonomy":"category","embeddable":true,"href":"https:\/\/contafinanceira.pt\/index.php\/wp-json\/wp\/v2\/categories?post=1187"},{"taxonomy":"post_tag","embeddable":true,"href":"https:\/\/contafinanceira.pt\/index.php\/wp-json\/wp\/v2\/tags?post=1187"}],"curies":[{"name":"wp","href":"https:\/\/api.w.org\/{rel}","templated":true}]}}