
{"id":1194,"date":"2013-10-17T21:51:34","date_gmt":"2013-10-17T20:51:34","guid":{"rendered":"http:\/\/contafinanceira.pt\/?p=1194"},"modified":"2013-10-17T21:51:34","modified_gmt":"2013-10-17T20:51:34","slug":"cortes-nos-salarios-da-funcao-publica-nao-sao-cumulativos","status":"publish","type":"post","link":"https:\/\/contafinanceira.pt\/index.php\/cortes-nos-salarios-da-funcao-publica-nao-sao-cumulativos\/","title":{"rendered":"Cortes nos sal\u00e1rios da Fun\u00e7\u00e3o P\u00fablica &#8211; N\u00e3o s\u00e3o cumulativos"},"content":{"rendered":"<p>Cortes nos sal\u00e1rios da Fun\u00e7\u00e3o P\u00fablica &#8211; N\u00e3o s\u00e3o cumulativos<\/p>\n<p>O Governo pretende cortar os sal\u00e1rios dos funcion\u00e1rios p\u00fablicos que ganhem a partir de 600 euros. A medida que est\u00e1 em cima da mesa prev\u00ea uma redu\u00e7\u00e3o que come\u00e7a nos 2,5% e que pode chegar aos 12% para montantes superiores a 2.000 euros, mas os detalhes ainda est\u00e3o por esclarecer.<\/p>\n<p>Estas redu\u00e7\u00f5es substituem os cortes aplicados em 2011, ou seja, n\u00e3o s\u00e3o cumulativas.<\/p>\n<p>Estamos dispon\u00edveis para qualquer esclarecimento adicional<\/p>\n<div style=\"padding-bottom:20px; padding-top:10px;\" class=\"hupso-share-buttons\"><!-- Hupso Share Buttons - https:\/\/www.hupso.com\/share\/ --><a class=\"hupso_counters\" href=\"https:\/\/www.hupso.com\/share\/\"><img decoding=\"async\" src=\"https:\/\/static.hupso.com\/share\/buttons\/dot.png\" style=\"border:0px; padding-top:2px; float:left;\" alt=\"Share Button\"\/><\/a><script type=\"text\/javascript\">var hupso_services_c=new Array(\"twitter\",\"facebook_like\",\"google\",\"email\",\"print\");var hupso_counters_lang = \"en_US\";var hupso_image_folder_url = \"\";var hupso_url_c=\"\";var hupso_title_c=\"Cortes%20nos%20sal%C3%A1rios%20da%20Fun%C3%A7%C3%A3o%20P%C3%BAblica%20-%20N%C3%A3o%20s%C3%A3o%20cumulativos\";<\/script><script type=\"text\/javascript\" src=\"https:\/\/static.hupso.com\/share\/js\/counters.js\"><\/script><!-- Hupso Share Buttons --><\/div>\n","protected":false},"excerpt":{"rendered":"<p>Cortes nos sal\u00e1rios da Fun\u00e7\u00e3o P\u00fablica &#8211; N\u00e3o s\u00e3o cumulativos<br \/>\nO Governo pretende cortar os sal\u00e1rios dos funcion\u00e1rios p\u00fablicos que ganhem a partir de 600 euros. A medida que est\u00e1 em cima da mesa prev\u00ea uma redu\u00e7\u00e3o que come\u00e7a nos 2,5% e que pode chegar aos 12% para montantes superiores a 2.000 euros, mas os detalhes ainda est\u00e3o por esclarecer.<br \/>\nEstas redu\u00e7\u00f5es substituem os cortes aplicados em 2011, ou seja, n\u00e3o s\u00e3o cumulativas.<br \/>\nEstamos dispon\u00edveis para qualquer esclarecimento adicional<br \/>\nvar &#8230;<\/p>\n","protected":false},"author":1,"featured_media":0,"comment_status":"closed","ping_status":"open","sticky":false,"template":"","format":"standard","meta":{"jetpack_post_was_ever_published":false,"_jetpack_newsletter_access":"","_jetpack_dont_email_post_to_subs":false,"_jetpack_newsletter_tier_id":0,"_jetpack_memberships_contains_paywalled_content":false,"_jetpack_memberships_contains_paid_content":false,"footnotes":""},"categories":[1],"tags":[],"class_list":["post-1194","post","type-post","status-publish","format-standard","hentry","category-geral"],"yoast_head":"<!-- This site is optimized with the Yoast SEO plugin v23.3 - https:\/\/yoast.com\/wordpress\/plugins\/seo\/ -->\n<title>Cortes nos sal\u00e1rios da Fun\u00e7\u00e3o P\u00fablica - N\u00e3o s\u00e3o cumulativos - ContaFinanceira<\/title>\n<meta name=\"robots\" content=\"noindex, follow, max-snippet:-1, max-image-preview:large, max-video-preview:-1\" \/>\n<meta property=\"og:locale\" content=\"pt_PT\" \/>\n<meta property=\"og:type\" content=\"article\" \/>\n<meta property=\"og:title\" content=\"Cortes nos sal\u00e1rios da Fun\u00e7\u00e3o P\u00fablica - N\u00e3o s\u00e3o cumulativos - ContaFinanceira\" \/>\n<meta property=\"og:description\" content=\"Cortes nos sal\u00e1rios da Fun\u00e7\u00e3o P\u00fablica &#8211; N\u00e3o s\u00e3o cumulativos O Governo pretende cortar os sal\u00e1rios dos funcion\u00e1rios p\u00fablicos que ganhem a partir de 600 euros. A medida que est\u00e1 em cima da mesa prev\u00ea uma redu\u00e7\u00e3o que come\u00e7a nos 2,5% e que pode chegar aos 12% para montantes superiores a 2.000 euros, mas os detalhes ainda est\u00e3o por esclarecer. Estas redu\u00e7\u00f5es substituem os cortes aplicados em 2011, ou seja, n\u00e3o s\u00e3o cumulativas. Estamos dispon\u00edveis para qualquer esclarecimento adicional var ...\" \/>\n<meta property=\"og:url\" content=\"https:\/\/contafinanceira.pt\/index.php\/cortes-nos-salarios-da-funcao-publica-nao-sao-cumulativos\/\" \/>\n<meta property=\"og:site_name\" content=\"ContaFinanceira\" \/>\n<meta property=\"article:publisher\" content=\"http:\/\/www.facebook.com\/contafinanceira\" \/>\n<meta property=\"article:published_time\" content=\"2013-10-17T20:51:34+00:00\" \/>\n<meta name=\"author\" content=\"ContaFinanceira\" \/>\n<meta name=\"twitter:label1\" content=\"Escrito por\" \/>\n\t<meta name=\"twitter:data1\" content=\"ContaFinanceira\" \/>\n<script type=\"application\/ld+json\" class=\"yoast-schema-graph\">{\"@context\":\"https:\/\/schema.org\",\"@graph\":[{\"@type\":\"Article\",\"@id\":\"https:\/\/contafinanceira.pt\/index.php\/cortes-nos-salarios-da-funcao-publica-nao-sao-cumulativos\/#article\",\"isPartOf\":{\"@id\":\"https:\/\/contafinanceira.pt\/index.php\/cortes-nos-salarios-da-funcao-publica-nao-sao-cumulativos\/\"},\"author\":{\"name\":\"ContaFinanceira\",\"@id\":\"https:\/\/contafinanceira.pt\/#\/schema\/person\/440a41115a5422f7af22afbdab5b3e34\"},\"headline\":\"Cortes nos sal\u00e1rios da Fun\u00e7\u00e3o P\u00fablica &#8211; N\u00e3o s\u00e3o cumulativos\",\"datePublished\":\"2013-10-17T20:51:34+00:00\",\"dateModified\":\"2013-10-17T20:51:34+00:00\",\"mainEntityOfPage\":{\"@id\":\"https:\/\/contafinanceira.pt\/index.php\/cortes-nos-salarios-da-funcao-publica-nao-sao-cumulativos\/\"},\"wordCount\":104,\"publisher\":{\"@id\":\"https:\/\/contafinanceira.pt\/#organization\"},\"articleSection\":[\"Geral\"],\"inLanguage\":\"pt-PT\"},{\"@type\":\"WebPage\",\"@id\":\"https:\/\/contafinanceira.pt\/index.php\/cortes-nos-salarios-da-funcao-publica-nao-sao-cumulativos\/\",\"url\":\"https:\/\/contafinanceira.pt\/index.php\/cortes-nos-salarios-da-funcao-publica-nao-sao-cumulativos\/\",\"name\":\"Cortes nos sal\u00e1rios da Fun\u00e7\u00e3o P\u00fablica - N\u00e3o s\u00e3o cumulativos - ContaFinanceira\",\"isPartOf\":{\"@id\":\"https:\/\/contafinanceira.pt\/#website\"},\"datePublished\":\"2013-10-17T20:51:34+00:00\",\"dateModified\":\"2013-10-17T20:51:34+00:00\",\"breadcrumb\":{\"@id\":\"https:\/\/contafinanceira.pt\/index.php\/cortes-nos-salarios-da-funcao-publica-nao-sao-cumulativos\/#breadcrumb\"},\"inLanguage\":\"pt-PT\",\"potentialAction\":[{\"@type\":\"ReadAction\",\"target\":[\"https:\/\/contafinanceira.pt\/index.php\/cortes-nos-salarios-da-funcao-publica-nao-sao-cumulativos\/\"]}]},{\"@type\":\"BreadcrumbList\",\"@id\":\"https:\/\/contafinanceira.pt\/index.php\/cortes-nos-salarios-da-funcao-publica-nao-sao-cumulativos\/#breadcrumb\",\"itemListElement\":[{\"@type\":\"ListItem\",\"position\":1,\"name\":\"In\u00edcio\",\"item\":\"https:\/\/contafinanceira.pt\/\"},{\"@type\":\"ListItem\",\"position\":2,\"name\":\"Cortes nos sal\u00e1rios da Fun\u00e7\u00e3o P\u00fablica &#8211; N\u00e3o s\u00e3o cumulativos\"}]},{\"@type\":\"WebSite\",\"@id\":\"https:\/\/contafinanceira.pt\/#website\",\"url\":\"https:\/\/contafinanceira.pt\/\",\"name\":\"ContaFinanceira\",\"description\":\"Contabilidade e Consultoria Fiscal\",\"publisher\":{\"@id\":\"https:\/\/contafinanceira.pt\/#organization\"},\"potentialAction\":[{\"@type\":\"SearchAction\",\"target\":{\"@type\":\"EntryPoint\",\"urlTemplate\":\"https:\/\/contafinanceira.pt\/?s={search_term_string}\"},\"query-input\":\"required name=search_term_string\"}],\"inLanguage\":\"pt-PT\"},{\"@type\":\"Organization\",\"@id\":\"https:\/\/contafinanceira.pt\/#organization\",\"name\":\"ContaFinanceira\",\"url\":\"https:\/\/contafinanceira.pt\/\",\"logo\":{\"@type\":\"ImageObject\",\"inLanguage\":\"pt-PT\",\"@id\":\"https:\/\/contafinanceira.pt\/#\/schema\/logo\/image\/\",\"url\":\"https:\/\/contafinanceira.pt\/wp-content\/uploads\/2013\/09\/Logo-face.jpg\",\"contentUrl\":\"https:\/\/contafinanceira.pt\/wp-content\/uploads\/2013\/09\/Logo-face.jpg\",\"width\":1358,\"height\":354,\"caption\":\"ContaFinanceira\"},\"image\":{\"@id\":\"https:\/\/contafinanceira.pt\/#\/schema\/logo\/image\/\"},\"sameAs\":[\"http:\/\/www.facebook.com\/contafinanceira\"]},{\"@type\":\"Person\",\"@id\":\"https:\/\/contafinanceira.pt\/#\/schema\/person\/440a41115a5422f7af22afbdab5b3e34\",\"name\":\"ContaFinanceira\",\"image\":{\"@type\":\"ImageObject\",\"inLanguage\":\"pt-PT\",\"@id\":\"https:\/\/contafinanceira.pt\/#\/schema\/person\/image\/\",\"url\":\"https:\/\/secure.gravatar.com\/avatar\/fb062a51f58fd61f0896369509af44c0?s=96&d=blank&r=g\",\"contentUrl\":\"https:\/\/secure.gravatar.com\/avatar\/fb062a51f58fd61f0896369509af44c0?s=96&d=blank&r=g\",\"caption\":\"ContaFinanceira\"},\"sameAs\":[\"http:\/\/www.contafinanceira.pt\"]}]}<\/script>\n<!-- \/ Yoast SEO plugin. -->","yoast_head_json":{"title":"Cortes nos sal\u00e1rios da Fun\u00e7\u00e3o P\u00fablica - N\u00e3o s\u00e3o cumulativos - ContaFinanceira","robots":{"index":"noindex","follow":"follow","max-snippet":"max-snippet:-1","max-image-preview":"max-image-preview:large","max-video-preview":"max-video-preview:-1"},"og_locale":"pt_PT","og_type":"article","og_title":"Cortes nos sal\u00e1rios da Fun\u00e7\u00e3o P\u00fablica - N\u00e3o s\u00e3o cumulativos - ContaFinanceira","og_description":"Cortes nos sal\u00e1rios da Fun\u00e7\u00e3o P\u00fablica &#8211; N\u00e3o s\u00e3o cumulativos O Governo pretende cortar os sal\u00e1rios dos funcion\u00e1rios p\u00fablicos que ganhem a partir de 600 euros. A medida que est\u00e1 em cima da mesa prev\u00ea uma redu\u00e7\u00e3o que come\u00e7a nos 2,5% e que pode chegar aos 12% para montantes superiores a 2.000 euros, mas os detalhes ainda est\u00e3o por esclarecer. Estas redu\u00e7\u00f5es substituem os cortes aplicados em 2011, ou seja, n\u00e3o s\u00e3o cumulativas. Estamos dispon\u00edveis para qualquer esclarecimento adicional var ...","og_url":"https:\/\/contafinanceira.pt\/index.php\/cortes-nos-salarios-da-funcao-publica-nao-sao-cumulativos\/","og_site_name":"ContaFinanceira","article_publisher":"http:\/\/www.facebook.com\/contafinanceira","article_published_time":"2013-10-17T20:51:34+00:00","author":"ContaFinanceira","twitter_misc":{"Escrito por":"ContaFinanceira"},"schema":{"@context":"https:\/\/schema.org","@graph":[{"@type":"Article","@id":"https:\/\/contafinanceira.pt\/index.php\/cortes-nos-salarios-da-funcao-publica-nao-sao-cumulativos\/#article","isPartOf":{"@id":"https:\/\/contafinanceira.pt\/index.php\/cortes-nos-salarios-da-funcao-publica-nao-sao-cumulativos\/"},"author":{"name":"ContaFinanceira","@id":"https:\/\/contafinanceira.pt\/#\/schema\/person\/440a41115a5422f7af22afbdab5b3e34"},"headline":"Cortes nos sal\u00e1rios da Fun\u00e7\u00e3o P\u00fablica &#8211; N\u00e3o s\u00e3o cumulativos","datePublished":"2013-10-17T20:51:34+00:00","dateModified":"2013-10-17T20:51:34+00:00","mainEntityOfPage":{"@id":"https:\/\/contafinanceira.pt\/index.php\/cortes-nos-salarios-da-funcao-publica-nao-sao-cumulativos\/"},"wordCount":104,"publisher":{"@id":"https:\/\/contafinanceira.pt\/#organization"},"articleSection":["Geral"],"inLanguage":"pt-PT"},{"@type":"WebPage","@id":"https:\/\/contafinanceira.pt\/index.php\/cortes-nos-salarios-da-funcao-publica-nao-sao-cumulativos\/","url":"https:\/\/contafinanceira.pt\/index.php\/cortes-nos-salarios-da-funcao-publica-nao-sao-cumulativos\/","name":"Cortes nos sal\u00e1rios da Fun\u00e7\u00e3o P\u00fablica - N\u00e3o s\u00e3o cumulativos - ContaFinanceira","isPartOf":{"@id":"https:\/\/contafinanceira.pt\/#website"},"datePublished":"2013-10-17T20:51:34+00:00","dateModified":"2013-10-17T20:51:34+00:00","breadcrumb":{"@id":"https:\/\/contafinanceira.pt\/index.php\/cortes-nos-salarios-da-funcao-publica-nao-sao-cumulativos\/#breadcrumb"},"inLanguage":"pt-PT","potentialAction":[{"@type":"ReadAction","target":["https:\/\/contafinanceira.pt\/index.php\/cortes-nos-salarios-da-funcao-publica-nao-sao-cumulativos\/"]}]},{"@type":"BreadcrumbList","@id":"https:\/\/contafinanceira.pt\/index.php\/cortes-nos-salarios-da-funcao-publica-nao-sao-cumulativos\/#breadcrumb","itemListElement":[{"@type":"ListItem","position":1,"name":"In\u00edcio","item":"https:\/\/contafinanceira.pt\/"},{"@type":"ListItem","position":2,"name":"Cortes nos sal\u00e1rios da Fun\u00e7\u00e3o P\u00fablica &#8211; N\u00e3o s\u00e3o cumulativos"}]},{"@type":"WebSite","@id":"https:\/\/contafinanceira.pt\/#website","url":"https:\/\/contafinanceira.pt\/","name":"ContaFinanceira","description":"Contabilidade e Consultoria Fiscal","publisher":{"@id":"https:\/\/contafinanceira.pt\/#organization"},"potentialAction":[{"@type":"SearchAction","target":{"@type":"EntryPoint","urlTemplate":"https:\/\/contafinanceira.pt\/?s={search_term_string}"},"query-input":"required name=search_term_string"}],"inLanguage":"pt-PT"},{"@type":"Organization","@id":"https:\/\/contafinanceira.pt\/#organization","name":"ContaFinanceira","url":"https:\/\/contafinanceira.pt\/","logo":{"@type":"ImageObject","inLanguage":"pt-PT","@id":"https:\/\/contafinanceira.pt\/#\/schema\/logo\/image\/","url":"https:\/\/contafinanceira.pt\/wp-content\/uploads\/2013\/09\/Logo-face.jpg","contentUrl":"https:\/\/contafinanceira.pt\/wp-content\/uploads\/2013\/09\/Logo-face.jpg","width":1358,"height":354,"caption":"ContaFinanceira"},"image":{"@id":"https:\/\/contafinanceira.pt\/#\/schema\/logo\/image\/"},"sameAs":["http:\/\/www.facebook.com\/contafinanceira"]},{"@type":"Person","@id":"https:\/\/contafinanceira.pt\/#\/schema\/person\/440a41115a5422f7af22afbdab5b3e34","name":"ContaFinanceira","image":{"@type":"ImageObject","inLanguage":"pt-PT","@id":"https:\/\/contafinanceira.pt\/#\/schema\/person\/image\/","url":"https:\/\/secure.gravatar.com\/avatar\/fb062a51f58fd61f0896369509af44c0?s=96&d=blank&r=g","contentUrl":"https:\/\/secure.gravatar.com\/avatar\/fb062a51f58fd61f0896369509af44c0?s=96&d=blank&r=g","caption":"ContaFinanceira"},"sameAs":["http:\/\/www.contafinanceira.pt"]}]}},"jetpack_sharing_enabled":true,"jetpack_featured_media_url":"","jetpack_shortlink":"https:\/\/wp.me\/p3RELV-jg","_links":{"self":[{"href":"https:\/\/contafinanceira.pt\/index.php\/wp-json\/wp\/v2\/posts\/1194"}],"collection":[{"href":"https:\/\/contafinanceira.pt\/index.php\/wp-json\/wp\/v2\/posts"}],"about":[{"href":"https:\/\/contafinanceira.pt\/index.php\/wp-json\/wp\/v2\/types\/post"}],"author":[{"embeddable":true,"href":"https:\/\/contafinanceira.pt\/index.php\/wp-json\/wp\/v2\/users\/1"}],"replies":[{"embeddable":true,"href":"https:\/\/contafinanceira.pt\/index.php\/wp-json\/wp\/v2\/comments?post=1194"}],"version-history":[{"count":1,"href":"https:\/\/contafinanceira.pt\/index.php\/wp-json\/wp\/v2\/posts\/1194\/revisions"}],"predecessor-version":[{"id":1195,"href":"https:\/\/contafinanceira.pt\/index.php\/wp-json\/wp\/v2\/posts\/1194\/revisions\/1195"}],"wp:attachment":[{"href":"https:\/\/contafinanceira.pt\/index.php\/wp-json\/wp\/v2\/media?parent=1194"}],"wp:term":[{"taxonomy":"category","embeddable":true,"href":"https:\/\/contafinanceira.pt\/index.php\/wp-json\/wp\/v2\/categories?post=1194"},{"taxonomy":"post_tag","embeddable":true,"href":"https:\/\/contafinanceira.pt\/index.php\/wp-json\/wp\/v2\/tags?post=1194"}],"curies":[{"name":"wp","href":"https:\/\/api.w.org\/{rel}","templated":true}]}}