
{"id":1225,"date":"2014-10-28T23:04:40","date_gmt":"2014-10-28T22:04:40","guid":{"rendered":"http:\/\/contafinanceira.pt\/?p=1225"},"modified":"2014-10-31T21:02:54","modified_gmt":"2014-10-31T20:02:54","slug":"medida-excecional-de-reducao-da-taxa-contributiva-para-os-empregadores","status":"publish","type":"post","link":"https:\/\/contafinanceira.pt\/index.php\/medida-excecional-de-reducao-da-taxa-contributiva-para-os-empregadores\/","title":{"rendered":"Medida Excecional de Redu\u00e7\u00e3o da Taxa Contributiva para os Empregadores"},"content":{"rendered":"<p>MEDIDA EXCECIONAL DE REDU\u00c7\u00c3O DA TAXA CONTRIBUTIVA PARA OS EMPREGADORES<\/p>\n<p>De acordo com o previsto no Decreto-Lei n.\u00ba 154\/2014, de 20 de Outubro, s\u00e3o benefici\u00e1rias da medida de redu\u00e7\u00e3o de taxa contributiva as entidades empregadoras.<\/p>\n<p>Esta medida tempor\u00e1ria traduz-se numa redu\u00e7\u00e3o de 0,75 pontos percentuais da taxa contributiva para a Seguran\u00e7a Social a cargo das entidades empregadoras, relativa \u00e0s contribui\u00e7\u00f5es referentes a remunera\u00e7\u00f5es devidas nos meses de Novembro de 2014 a Janeiro de 2016. Nestas remunera\u00e7\u00f5es est\u00e3o inclu\u00eddos os valores devidos a t\u00edtulo de subs\u00eddios de f\u00e9rias e Natal, desde que se trate de trabalhadores que auferiram a Retribui\u00e7\u00e3o M\u00ednima Mensal Garantida (RMMG) entre Janeiro e Agosto de 2014 (485,00\u20ac\/M\u00eas).<\/p>\n<p>Condi\u00e7\u00f5es para beneficiar deste apoio:<br \/>\n\u2022 O trabalhador estar vinculado \u00e0 Entidade Empregadora benefici\u00e1ria por contrato de trabalho sem interrup\u00e7\u00e3o, pelo menos desde maio de 2014;<br \/>\n\u2022 O trabalhador ter auferido, pelo menos num dos meses compreendidos entre janeiro e agosto de 2014, remunera\u00e7\u00e3o igual ao valor da remunera\u00e7\u00e3o m\u00ednima mensal garantida (485,00\u20ac);<br \/>\n\u2022 A Entidade Empregadora ter a sua situa\u00e7\u00e3o contributiva regularizada perante a Seguran\u00e7a Social.<\/p>\n<p>Esta redu\u00e7\u00e3o de taxa contributiva \u00e9 atribu\u00edda oficiosamente, com excep\u00e7\u00e3o das situa\u00e7\u00f5es de contrato de trabalho a tempo parcial.<\/p>\n<p>Nesse caso Entidade Empregadora tem de apresentar requerimento, que estar\u00e1 dispon\u00edvel em http:\/\/www4.seg-social.pt\/formularios, a partir de 1 de Novembro de 2014.<\/p>\n<p>Caso a entidade deixe de ter a sua situa\u00e7\u00e3o regularizada perante a seguran\u00e7a social, deixar\u00e1 de beneficiar desta redu\u00e7\u00e3o.<\/p>\n<p>Esta redu\u00e7\u00e3o \u00e9 ainda cumul\u00e1vel com outras medidas de apoio ao emprego.(Ex Estimulo Emprego; Fundo de compensa\u00e7\u00e3o do trabalho, etc)<\/p>\n<p>Estamos dispon\u00edveis para qualquer esclarecimento adicional.<\/p>\n<div style=\"padding-bottom:20px; padding-top:10px;\" class=\"hupso-share-buttons\"><!-- Hupso Share Buttons - https:\/\/www.hupso.com\/share\/ --><a class=\"hupso_counters\" href=\"https:\/\/www.hupso.com\/share\/\"><img decoding=\"async\" src=\"https:\/\/static.hupso.com\/share\/buttons\/dot.png\" style=\"border:0px; padding-top:2px; float:left;\" alt=\"Share Button\"\/><\/a><script type=\"text\/javascript\">var hupso_services_c=new Array(\"twitter\",\"facebook_like\",\"google\",\"email\",\"print\");var hupso_counters_lang = \"en_US\";var hupso_image_folder_url = \"\";var hupso_url_c=\"\";var hupso_title_c=\"Medida%20Excecional%20de%20Redu%C3%A7%C3%A3o%20da%20Taxa%20Contributiva%20para%20os%20Empregadores\";<\/script><script type=\"text\/javascript\" src=\"https:\/\/static.hupso.com\/share\/js\/counters.js\"><\/script><!-- Hupso Share Buttons --><\/div>\n","protected":false},"excerpt":{"rendered":"<p>MEDIDA EXCECIONAL DE REDU\u00c7\u00c3O DA TAXA CONTRIBUTIVA PARA OS EMPREGADORES<br \/>\nDe acordo com o previsto no Decreto-Lei n.\u00ba 154\/2014, de 20 de Outubro, s\u00e3o benefici\u00e1rias da medida de redu\u00e7\u00e3o de taxa contributiva as entidades empregadoras.<br \/>\nEsta medida tempor\u00e1ria traduz-se numa redu\u00e7\u00e3o de 0,75 pontos percentuais da taxa contributiva para a Seguran\u00e7a Social a cargo das entidades empregadoras, relativa \u00e0s contribui\u00e7\u00f5es referentes a remunera\u00e7\u00f5es devidas nos meses de Novembro de 2014 a Janeiro de 2016. Nestas remunera\u00e7\u00f5es est\u00e3o inclu\u00eddos os valores &#8230;<\/p>\n","protected":false},"author":1,"featured_media":0,"comment_status":"closed","ping_status":"open","sticky":false,"template":"","format":"standard","meta":{"jetpack_post_was_ever_published":false,"_jetpack_newsletter_access":"","_jetpack_dont_email_post_to_subs":false,"_jetpack_newsletter_tier_id":0,"_jetpack_memberships_contains_paywalled_content":false,"_jetpack_memberships_contains_paid_content":false,"footnotes":""},"categories":[1],"tags":[],"class_list":["post-1225","post","type-post","status-publish","format-standard","hentry","category-geral"],"yoast_head":"<!-- This site is optimized with the Yoast SEO plugin v23.3 - https:\/\/yoast.com\/wordpress\/plugins\/seo\/ -->\n<title>Medida Excecional de Redu\u00e7\u00e3o da Taxa Contributiva para os Empregadores - ContaFinanceira<\/title>\n<meta name=\"robots\" content=\"noindex, follow, max-snippet:-1, max-image-preview:large, max-video-preview:-1\" \/>\n<meta property=\"og:locale\" content=\"pt_PT\" \/>\n<meta property=\"og:type\" content=\"article\" \/>\n<meta property=\"og:title\" content=\"Medida Excecional de Redu\u00e7\u00e3o da Taxa Contributiva para os Empregadores - ContaFinanceira\" \/>\n<meta property=\"og:description\" content=\"MEDIDA EXCECIONAL DE REDU\u00c7\u00c3O DA TAXA CONTRIBUTIVA PARA OS EMPREGADORES De acordo com o previsto no Decreto-Lei n.\u00ba 154\/2014, de 20 de Outubro, s\u00e3o benefici\u00e1rias da medida de redu\u00e7\u00e3o de taxa contributiva as entidades empregadoras. Esta medida tempor\u00e1ria traduz-se numa redu\u00e7\u00e3o de 0,75 pontos percentuais da taxa contributiva para a Seguran\u00e7a Social a cargo das entidades empregadoras, relativa \u00e0s contribui\u00e7\u00f5es referentes a remunera\u00e7\u00f5es devidas nos meses de Novembro de 2014 a Janeiro de 2016. Nestas remunera\u00e7\u00f5es est\u00e3o inclu\u00eddos os valores ...\" \/>\n<meta property=\"og:url\" content=\"https:\/\/contafinanceira.pt\/index.php\/medida-excecional-de-reducao-da-taxa-contributiva-para-os-empregadores\/\" \/>\n<meta property=\"og:site_name\" content=\"ContaFinanceira\" \/>\n<meta property=\"article:publisher\" content=\"http:\/\/www.facebook.com\/contafinanceira\" \/>\n<meta property=\"article:published_time\" content=\"2014-10-28T22:04:40+00:00\" \/>\n<meta property=\"article:modified_time\" content=\"2014-10-31T20:02:54+00:00\" \/>\n<meta name=\"author\" content=\"ContaFinanceira\" \/>\n<meta name=\"twitter:label1\" content=\"Escrito por\" \/>\n\t<meta name=\"twitter:data1\" content=\"ContaFinanceira\" \/>\n\t<meta name=\"twitter:label2\" content=\"Tempo estimado de leitura\" \/>\n\t<meta name=\"twitter:data2\" content=\"1 minuto\" \/>\n<script type=\"application\/ld+json\" class=\"yoast-schema-graph\">{\"@context\":\"https:\/\/schema.org\",\"@graph\":[{\"@type\":\"Article\",\"@id\":\"https:\/\/contafinanceira.pt\/index.php\/medida-excecional-de-reducao-da-taxa-contributiva-para-os-empregadores\/#article\",\"isPartOf\":{\"@id\":\"https:\/\/contafinanceira.pt\/index.php\/medida-excecional-de-reducao-da-taxa-contributiva-para-os-empregadores\/\"},\"author\":{\"name\":\"ContaFinanceira\",\"@id\":\"https:\/\/contafinanceira.pt\/#\/schema\/person\/440a41115a5422f7af22afbdab5b3e34\"},\"headline\":\"Medida Excecional de Redu\u00e7\u00e3o da Taxa Contributiva para os Empregadores\",\"datePublished\":\"2014-10-28T22:04:40+00:00\",\"dateModified\":\"2014-10-31T20:02:54+00:00\",\"mainEntityOfPage\":{\"@id\":\"https:\/\/contafinanceira.pt\/index.php\/medida-excecional-de-reducao-da-taxa-contributiva-para-os-empregadores\/\"},\"wordCount\":299,\"publisher\":{\"@id\":\"https:\/\/contafinanceira.pt\/#organization\"},\"articleSection\":[\"Geral\"],\"inLanguage\":\"pt-PT\"},{\"@type\":\"WebPage\",\"@id\":\"https:\/\/contafinanceira.pt\/index.php\/medida-excecional-de-reducao-da-taxa-contributiva-para-os-empregadores\/\",\"url\":\"https:\/\/contafinanceira.pt\/index.php\/medida-excecional-de-reducao-da-taxa-contributiva-para-os-empregadores\/\",\"name\":\"Medida Excecional de Redu\u00e7\u00e3o da Taxa Contributiva para os Empregadores - ContaFinanceira\",\"isPartOf\":{\"@id\":\"https:\/\/contafinanceira.pt\/#website\"},\"datePublished\":\"2014-10-28T22:04:40+00:00\",\"dateModified\":\"2014-10-31T20:02:54+00:00\",\"breadcrumb\":{\"@id\":\"https:\/\/contafinanceira.pt\/index.php\/medida-excecional-de-reducao-da-taxa-contributiva-para-os-empregadores\/#breadcrumb\"},\"inLanguage\":\"pt-PT\",\"potentialAction\":[{\"@type\":\"ReadAction\",\"target\":[\"https:\/\/contafinanceira.pt\/index.php\/medida-excecional-de-reducao-da-taxa-contributiva-para-os-empregadores\/\"]}]},{\"@type\":\"BreadcrumbList\",\"@id\":\"https:\/\/contafinanceira.pt\/index.php\/medida-excecional-de-reducao-da-taxa-contributiva-para-os-empregadores\/#breadcrumb\",\"itemListElement\":[{\"@type\":\"ListItem\",\"position\":1,\"name\":\"In\u00edcio\",\"item\":\"https:\/\/contafinanceira.pt\/\"},{\"@type\":\"ListItem\",\"position\":2,\"name\":\"Medida Excecional de Redu\u00e7\u00e3o da Taxa Contributiva para os Empregadores\"}]},{\"@type\":\"WebSite\",\"@id\":\"https:\/\/contafinanceira.pt\/#website\",\"url\":\"https:\/\/contafinanceira.pt\/\",\"name\":\"ContaFinanceira\",\"description\":\"Contabilidade e Consultoria Fiscal\",\"publisher\":{\"@id\":\"https:\/\/contafinanceira.pt\/#organization\"},\"potentialAction\":[{\"@type\":\"SearchAction\",\"target\":{\"@type\":\"EntryPoint\",\"urlTemplate\":\"https:\/\/contafinanceira.pt\/?s={search_term_string}\"},\"query-input\":\"required name=search_term_string\"}],\"inLanguage\":\"pt-PT\"},{\"@type\":\"Organization\",\"@id\":\"https:\/\/contafinanceira.pt\/#organization\",\"name\":\"ContaFinanceira\",\"url\":\"https:\/\/contafinanceira.pt\/\",\"logo\":{\"@type\":\"ImageObject\",\"inLanguage\":\"pt-PT\",\"@id\":\"https:\/\/contafinanceira.pt\/#\/schema\/logo\/image\/\",\"url\":\"https:\/\/contafinanceira.pt\/wp-content\/uploads\/2013\/09\/Logo-face.jpg\",\"contentUrl\":\"https:\/\/contafinanceira.pt\/wp-content\/uploads\/2013\/09\/Logo-face.jpg\",\"width\":1358,\"height\":354,\"caption\":\"ContaFinanceira\"},\"image\":{\"@id\":\"https:\/\/contafinanceira.pt\/#\/schema\/logo\/image\/\"},\"sameAs\":[\"http:\/\/www.facebook.com\/contafinanceira\"]},{\"@type\":\"Person\",\"@id\":\"https:\/\/contafinanceira.pt\/#\/schema\/person\/440a41115a5422f7af22afbdab5b3e34\",\"name\":\"ContaFinanceira\",\"image\":{\"@type\":\"ImageObject\",\"inLanguage\":\"pt-PT\",\"@id\":\"https:\/\/contafinanceira.pt\/#\/schema\/person\/image\/\",\"url\":\"https:\/\/secure.gravatar.com\/avatar\/fb062a51f58fd61f0896369509af44c0?s=96&d=blank&r=g\",\"contentUrl\":\"https:\/\/secure.gravatar.com\/avatar\/fb062a51f58fd61f0896369509af44c0?s=96&d=blank&r=g\",\"caption\":\"ContaFinanceira\"},\"sameAs\":[\"http:\/\/www.contafinanceira.pt\"]}]}<\/script>\n<!-- \/ Yoast SEO plugin. -->","yoast_head_json":{"title":"Medida Excecional de Redu\u00e7\u00e3o da Taxa Contributiva para os Empregadores - ContaFinanceira","robots":{"index":"noindex","follow":"follow","max-snippet":"max-snippet:-1","max-image-preview":"max-image-preview:large","max-video-preview":"max-video-preview:-1"},"og_locale":"pt_PT","og_type":"article","og_title":"Medida Excecional de Redu\u00e7\u00e3o da Taxa Contributiva para os Empregadores - ContaFinanceira","og_description":"MEDIDA EXCECIONAL DE REDU\u00c7\u00c3O DA TAXA CONTRIBUTIVA PARA OS EMPREGADORES De acordo com o previsto no Decreto-Lei n.\u00ba 154\/2014, de 20 de Outubro, s\u00e3o benefici\u00e1rias da medida de redu\u00e7\u00e3o de taxa contributiva as entidades empregadoras. Esta medida tempor\u00e1ria traduz-se numa redu\u00e7\u00e3o de 0,75 pontos percentuais da taxa contributiva para a Seguran\u00e7a Social a cargo das entidades empregadoras, relativa \u00e0s contribui\u00e7\u00f5es referentes a remunera\u00e7\u00f5es devidas nos meses de Novembro de 2014 a Janeiro de 2016. Nestas remunera\u00e7\u00f5es est\u00e3o inclu\u00eddos os valores ...","og_url":"https:\/\/contafinanceira.pt\/index.php\/medida-excecional-de-reducao-da-taxa-contributiva-para-os-empregadores\/","og_site_name":"ContaFinanceira","article_publisher":"http:\/\/www.facebook.com\/contafinanceira","article_published_time":"2014-10-28T22:04:40+00:00","article_modified_time":"2014-10-31T20:02:54+00:00","author":"ContaFinanceira","twitter_misc":{"Escrito por":"ContaFinanceira","Tempo estimado de leitura":"1 minuto"},"schema":{"@context":"https:\/\/schema.org","@graph":[{"@type":"Article","@id":"https:\/\/contafinanceira.pt\/index.php\/medida-excecional-de-reducao-da-taxa-contributiva-para-os-empregadores\/#article","isPartOf":{"@id":"https:\/\/contafinanceira.pt\/index.php\/medida-excecional-de-reducao-da-taxa-contributiva-para-os-empregadores\/"},"author":{"name":"ContaFinanceira","@id":"https:\/\/contafinanceira.pt\/#\/schema\/person\/440a41115a5422f7af22afbdab5b3e34"},"headline":"Medida Excecional de Redu\u00e7\u00e3o da Taxa Contributiva para os Empregadores","datePublished":"2014-10-28T22:04:40+00:00","dateModified":"2014-10-31T20:02:54+00:00","mainEntityOfPage":{"@id":"https:\/\/contafinanceira.pt\/index.php\/medida-excecional-de-reducao-da-taxa-contributiva-para-os-empregadores\/"},"wordCount":299,"publisher":{"@id":"https:\/\/contafinanceira.pt\/#organization"},"articleSection":["Geral"],"inLanguage":"pt-PT"},{"@type":"WebPage","@id":"https:\/\/contafinanceira.pt\/index.php\/medida-excecional-de-reducao-da-taxa-contributiva-para-os-empregadores\/","url":"https:\/\/contafinanceira.pt\/index.php\/medida-excecional-de-reducao-da-taxa-contributiva-para-os-empregadores\/","name":"Medida Excecional de Redu\u00e7\u00e3o da Taxa Contributiva para os Empregadores - ContaFinanceira","isPartOf":{"@id":"https:\/\/contafinanceira.pt\/#website"},"datePublished":"2014-10-28T22:04:40+00:00","dateModified":"2014-10-31T20:02:54+00:00","breadcrumb":{"@id":"https:\/\/contafinanceira.pt\/index.php\/medida-excecional-de-reducao-da-taxa-contributiva-para-os-empregadores\/#breadcrumb"},"inLanguage":"pt-PT","potentialAction":[{"@type":"ReadAction","target":["https:\/\/contafinanceira.pt\/index.php\/medida-excecional-de-reducao-da-taxa-contributiva-para-os-empregadores\/"]}]},{"@type":"BreadcrumbList","@id":"https:\/\/contafinanceira.pt\/index.php\/medida-excecional-de-reducao-da-taxa-contributiva-para-os-empregadores\/#breadcrumb","itemListElement":[{"@type":"ListItem","position":1,"name":"In\u00edcio","item":"https:\/\/contafinanceira.pt\/"},{"@type":"ListItem","position":2,"name":"Medida Excecional de Redu\u00e7\u00e3o da Taxa Contributiva para os Empregadores"}]},{"@type":"WebSite","@id":"https:\/\/contafinanceira.pt\/#website","url":"https:\/\/contafinanceira.pt\/","name":"ContaFinanceira","description":"Contabilidade e Consultoria Fiscal","publisher":{"@id":"https:\/\/contafinanceira.pt\/#organization"},"potentialAction":[{"@type":"SearchAction","target":{"@type":"EntryPoint","urlTemplate":"https:\/\/contafinanceira.pt\/?s={search_term_string}"},"query-input":"required name=search_term_string"}],"inLanguage":"pt-PT"},{"@type":"Organization","@id":"https:\/\/contafinanceira.pt\/#organization","name":"ContaFinanceira","url":"https:\/\/contafinanceira.pt\/","logo":{"@type":"ImageObject","inLanguage":"pt-PT","@id":"https:\/\/contafinanceira.pt\/#\/schema\/logo\/image\/","url":"https:\/\/contafinanceira.pt\/wp-content\/uploads\/2013\/09\/Logo-face.jpg","contentUrl":"https:\/\/contafinanceira.pt\/wp-content\/uploads\/2013\/09\/Logo-face.jpg","width":1358,"height":354,"caption":"ContaFinanceira"},"image":{"@id":"https:\/\/contafinanceira.pt\/#\/schema\/logo\/image\/"},"sameAs":["http:\/\/www.facebook.com\/contafinanceira"]},{"@type":"Person","@id":"https:\/\/contafinanceira.pt\/#\/schema\/person\/440a41115a5422f7af22afbdab5b3e34","name":"ContaFinanceira","image":{"@type":"ImageObject","inLanguage":"pt-PT","@id":"https:\/\/contafinanceira.pt\/#\/schema\/person\/image\/","url":"https:\/\/secure.gravatar.com\/avatar\/fb062a51f58fd61f0896369509af44c0?s=96&d=blank&r=g","contentUrl":"https:\/\/secure.gravatar.com\/avatar\/fb062a51f58fd61f0896369509af44c0?s=96&d=blank&r=g","caption":"ContaFinanceira"},"sameAs":["http:\/\/www.contafinanceira.pt"]}]}},"jetpack_sharing_enabled":true,"jetpack_featured_media_url":"","jetpack_shortlink":"https:\/\/wp.me\/p3RELV-jL","_links":{"self":[{"href":"https:\/\/contafinanceira.pt\/index.php\/wp-json\/wp\/v2\/posts\/1225"}],"collection":[{"href":"https:\/\/contafinanceira.pt\/index.php\/wp-json\/wp\/v2\/posts"}],"about":[{"href":"https:\/\/contafinanceira.pt\/index.php\/wp-json\/wp\/v2\/types\/post"}],"author":[{"embeddable":true,"href":"https:\/\/contafinanceira.pt\/index.php\/wp-json\/wp\/v2\/users\/1"}],"replies":[{"embeddable":true,"href":"https:\/\/contafinanceira.pt\/index.php\/wp-json\/wp\/v2\/comments?post=1225"}],"version-history":[{"count":3,"href":"https:\/\/contafinanceira.pt\/index.php\/wp-json\/wp\/v2\/posts\/1225\/revisions"}],"predecessor-version":[{"id":1228,"href":"https:\/\/contafinanceira.pt\/index.php\/wp-json\/wp\/v2\/posts\/1225\/revisions\/1228"}],"wp:attachment":[{"href":"https:\/\/contafinanceira.pt\/index.php\/wp-json\/wp\/v2\/media?parent=1225"}],"wp:term":[{"taxonomy":"category","embeddable":true,"href":"https:\/\/contafinanceira.pt\/index.php\/wp-json\/wp\/v2\/categories?post=1225"},{"taxonomy":"post_tag","embeddable":true,"href":"https:\/\/contafinanceira.pt\/index.php\/wp-json\/wp\/v2\/tags?post=1225"}],"curies":[{"name":"wp","href":"https:\/\/api.w.org\/{rel}","templated":true}]}}